{"id":7429,"date":"2022-09-28T12:53:44","date_gmt":"2022-09-28T15:53:44","guid":{"rendered":"https:\/\/www.visionweb.com.ar\/?p=7429"},"modified":"2022-09-28T12:53:44","modified_gmt":"2022-09-28T15:53:44","slug":"caminata-a-lujan-la-peregrinacion-de-la-fe-sera-este-sabado","status":"publish","type":"post","link":"https:\/\/www.visionweb.com.ar\/?p=7429","title":{"rendered":"Caminata a Luj\u00e1n: La peregrinaci\u00f3n de la Fe ser\u00e1 este s\u00e1bado"},"content":{"rendered":"<p><em><strong>Faltan pocos d\u00edas para la peregrinaci\u00f3n a Luj\u00e1n: recomendaciones y recorrido. La misa ser\u00e1 a las 7 de la ma\u00f1ana del domingo en la Plaza Belgrano, frente a la Bas\u00edlica.<\/strong><\/em><!--more--><\/p>\n<p><strong>\u00a0\u00a0\u00a0\u00a0 <img loading=\"lazy\" decoding=\"async\" class=\"size-full wp-image-7431 aligncenter\" src=\"https:\/\/www.visionweb.com.ar\/wp-content\/uploads\/2022\/09\/lujan-peregri-2022.bmp\" alt=\"\" width=\"619\" height=\"328\" \/>\u00a0\u00a0\u00a0\u00a0\u00a0\u00a0\u00a0\u00a0\u00a0\u00a0\u00a0 L<\/strong>a <strong>48\u00b0<\/strong> <strong>Peregrinaci\u00f3n a Luj\u00e1n <\/strong>ser\u00e1 el pr\u00f3ximo s\u00e1bado 1\u00b0 de octubre, se recorrer\u00e1n sesenta kil\u00f3metros\u00a0a pie\u00a0lo cual, dependiendo el ritmo, representa m\u00e1s de 12 horas de caminata, que iniciar\u00e1 en el Santuario de San Cayetano, ubicado en el barrio porte\u00f1o de Liniers.<\/p>\n<p>Desde Liniers, la <strong>Imagen<\/strong><strong> de la Virgen de Luj\u00e1n<\/strong>\u00a0marchar\u00e1 junto a los creyentes, y el domingo 2 de octubre\u00a0el cardenal Mario Aurelio Poli, arzobispo de Buenos Aires, presidir\u00e1 la tradicional misa de las 7 de la ma\u00f1ana en la Plaza Belgrano, frente a la Bas\u00edlica de Luj\u00e1n.<\/p>\n<p>Seg\u00fan la Comisi\u00f3n Arquidiocesana de Piedad Popular, la peregrinaci\u00f3n juvenil a Luj\u00e1n \u201cse transform\u00f3 en <strong>el acontecimiento m\u00e1s grande y renovador de la fe mariana del pueblo argentino<\/strong>\u201d.<\/p>\n<p>En un comunicado la Comisi\u00f3n destac\u00f3: \u201cSon cientos de miles los peregrinos que caminan a los brazos de la Madre de Luj\u00e1n con sus propias intenciones, las de sus familias, sus amigos y las del pa\u00eds\u201d.<\/p>\n<p>\u201cSomos m\u00e1s de 6.500 voluntarios que colaboramos en forma desinteresada en 40 puestos de apoyo y 60 puestos sanitarios, a los que los fieles pueden acceder en forma totalmente gratuita las veces que lo requieran. Los puestos los pueden distinguir a lo largo de la ruta por carteles identificatorios\u201d, detallaron.<\/p>\n<p>En esa l\u00ednea, los fieles ya se preparan para la gran caminata a Luj\u00e1n. En grupos de Facebook<em>\u00a0<\/em>se preguntan qu\u00e9 calzado llevar, qu\u00e9 medias elegir, a qu\u00e9 hora salir y desde d\u00f3nde.<\/p>\n<p>El mapa de la peregrinaci\u00f3n:\u00a0A la hora de emprender la caminata es realmente necesario saber en qu\u00e9 paradas habr\u00e1n puestos de apoyo.<\/p>\n<p>En este sentido, la\u00a0Comisi\u00f3n Arquidiocesana\u00a0anunci\u00f3 que cuenta con m\u00e1s de 6.500 colaboradores, 48 puestos sanitarios y 10 puestos de apoyo a lo largo de todo el camino.<\/p>\n<p>Como la mayor\u00eda de los fieles salen de Liniers, los puestos de asistencia empiezan a aparecer en las localidades de Mor\u00f3n y de Merlo. M\u00e1s adelante, adem\u00e1s, hay puestos en La Reja y General Rodr\u00edguez, localidades un poco m\u00e1s cercanas a Luj\u00e1n.<\/p>\n<p>Algunas recomendaciones para la caminata:<\/p>\n<p>Si bien cada caso es particular, otra cosa a tener en cuenta es priorizar salir acompa\u00f1ado o junto con un grupo de gente; hay muchos fieles que eligen salir el viernes por la noche, pero el recorrido a\u00fan no est\u00e1 preparado, las calles no est\u00e1n cortadas y puede resultar peligroso.<\/p>\n<p>Por otro lado, nunca est\u00e1 de m\u00e1s recordar que es necesario<strong>\u00a0<\/strong><strong>llevar ropa y calzados c\u00f3modos<\/strong><strong>\u00a0<\/strong>y que no sean nuevos, \u00a0prestar atenci\u00f3n a c\u00f3mo ser\u00e1 el clima durante esos d\u00edas, ya que la caminata dura varias horas y la temperatura \u00a0var\u00eda.<\/p>\n<p>Para el d\u00eda s\u00e1bado 1 de octubre anuncian una m\u00ednima de 11\u00b0 y una m\u00e1xima de 24\u00b0, y para el domingo 2 de octubre, una m\u00ednima de 12\u00b0 y una m\u00e1xima de 24\u00b0. Como el clima parece que va a acompa\u00f1ar, una recomendaci\u00f3n m\u00e1s es llevar gorra para el sol, pantalla, y una campera liviana para la noche.<\/p>\n<p>Por \u00faltimo, una buena opci\u00f3n para asegurar una vuelta tranquila, teniendo en cuenta el cansancio y el dolor de pies, es<strong>\u00a0<\/strong>reservar combis o micros que organizan viajes de regreso\u00a0a diferentes puntos de la provincia. <strong>(VW)<\/strong><\/p>\n<p>&nbsp;<\/p>\n<p>&nbsp;<\/p>\n","protected":false},"excerpt":{"rendered":"<p>Faltan pocos d\u00edas para la peregrinaci\u00f3n a Luj\u00e1n: recomendaciones y recorrido. La misa ser\u00e1 a las 7 de la ma\u00f1ana del domingo en la Plaza Belgrano, frente a la Bas\u00edlica.<\/p>\n","protected":false},"author":4,"featured_media":7431,"comment_status":"closed","ping_status":"closed","sticky":false,"template":"","format":"standard","meta":{"_monsterinsights_skip_tracking":false,"_monsterinsights_sitenote_active":false,"_monsterinsights_sitenote_note":"","_monsterinsights_sitenote_category":0,"footnotes":""},"categories":[8,5],"tags":[3059,3060],"class_list":["post-7429","post","type-post","status-publish","format-standard","has-post-thumbnail","hentry","category-interes-general","category-sociedad","tag-48-caminata-a-lujan","tag-peregrincion-2022"],"_links":{"self":[{"href":"https:\/\/www.visionweb.com.ar\/index.php?rest_route=\/wp\/v2\/posts\/7429","targetHints":{"allow":["GET"]}}],"collection":[{"href":"https:\/\/www.visionweb.com.ar\/index.php?rest_route=\/wp\/v2\/posts"}],"about":[{"href":"https:\/\/www.visionweb.com.ar\/index.php?rest_route=\/wp\/v2\/types\/post"}],"author":[{"embeddable":true,"href":"https:\/\/www.visionweb.com.ar\/index.php?rest_route=\/wp\/v2\/users\/4"}],"replies":[{"embeddable":true,"href":"https:\/\/www.visionweb.com.ar\/index.php?rest_route=%2Fwp%2Fv2%2Fcomments&post=7429"}],"version-history":[{"count":2,"href":"https:\/\/www.visionweb.com.ar\/index.php?rest_route=\/wp\/v2\/posts\/7429\/revisions"}],"predecessor-version":[{"id":7432,"href":"https:\/\/www.visionweb.com.ar\/index.php?rest_route=\/wp\/v2\/posts\/7429\/revisions\/7432"}],"wp:featuredmedia":[{"embeddable":true,"href":"https:\/\/www.visionweb.com.ar\/index.php?rest_route=\/wp\/v2\/media\/7431"}],"wp:attachment":[{"href":"https:\/\/www.visionweb.com.ar\/index.php?rest_route=%2Fwp%2Fv2%2Fmedia&parent=7429"}],"wp:term":[{"taxonomy":"category","embeddable":true,"href":"https:\/\/www.visionweb.com.ar\/index.php?rest_route=%2Fwp%2Fv2%2Fcategories&post=7429"},{"taxonomy":"post_tag","embeddable":true,"href":"https:\/\/www.visionweb.com.ar\/index.php?rest_route=%2Fwp%2Fv2%2Ftags&post=7429"}],"curies":[{"name":"wp","href":"https:\/\/api.w.org\/{rel}","templated":true}]}}