{"id":7425,"date":"2022-09-28T11:23:02","date_gmt":"2022-09-28T14:23:02","guid":{"rendered":"https:\/\/www.visionweb.com.ar\/?p=7425"},"modified":"2022-09-28T11:23:02","modified_gmt":"2022-09-28T14:23:02","slug":"nuevo-aumento-del-62-en-colegios-privados-de-provincia","status":"publish","type":"post","link":"https:\/\/www.visionweb.com.ar\/?p=7425","title":{"rendered":"Nuevo aumento del 6,2% en Colegios privados de Provincia"},"content":{"rendered":"<p><em><strong>Se cobrar\u00e1 con la cuota de octubre. Es el cuarto aumento que autoriza el gobierno de Kicillof. \u00a0Ser\u00e1 para cubrir las subas de paritarias.<\/strong><\/em><strong>\u00a0<\/strong><!--more--><\/p>\n<p><strong><img loading=\"lazy\" decoding=\"async\" class=\"size-full wp-image-7427 aligncenter\" src=\"https:\/\/www.visionweb.com.ar\/wp-content\/uploads\/2022\/09\/clases-colegio-privados.bmp\" alt=\"\" width=\"562\" height=\"388\" \/>E<\/strong>l gobierno de la\u00a0<strong>provincia de Buenos Aires<\/strong>, a trav\u00e9s de la Direcci\u00f3n General de Cultura y Educaci\u00f3n, resolvi\u00f3 ayer martes autorizar a los <strong>colegios privados<\/strong>\u00a0que son subvencionados por el Estado, a aplicar otro incremento de sus aranceles <strong>que ser\u00e1 de un 6,2% en promedio, a partir de octubre.<\/strong><strong>\u00a0<\/strong><\/p>\n<p>El ajuste autorizado por el gobierno bonaerense casi sobre el final del ciclo lectivo, es el cuarto en lo que va del a\u00f1o y alcanza a 1,2 millones de alumnos que est\u00e1n matriculados en los establecimientos de gesti\u00f3n no oficial y que reciben subsidios del Estado.<\/p>\n<p>En esa l\u00ednea, la directora de Aportes a la Educaci\u00f3n Privada,\u00a0Mercedes Lanqone, comunic\u00f3 el nuevo esquema de aranceles que podr\u00e1n implementar los colegios, de acuerdo al porcentaje de subvenci\u00f3n que reciben del Estado.<\/p>\n<p>Con los aumentos, las escuelas iniciales que perciben un 100% de subvenci\u00f3n, podr\u00e1n presentar en octubre un arancel de hasta $3.712; mientras las que tienen un 40% de subvenci\u00f3n, podr\u00e1n cobrar hasta $16.773.<\/p>\n<p>Las secundarias con 100% de subvenci\u00f3n aplicar\u00e1n un arancel de $4.092 y las que poseen un 40%, uno de $21.797.<\/p>\n<p>Y las escuelas t\u00e9cnicas, agrarias y especializadas en Arte, los valores ser\u00e1n: $4.717 para el 100% de subvenci\u00f3n y hasta $24.946 para el 40%. Y en el ciclo superior: $5.343 para el 100% y $21.288 para el 40%.<\/p>\n<p>Por su parte, el director Ejecutivo de la Asociaci\u00f3n de Instituto de Ense\u00f1anza Privada de la provincia de Buenos Aires (Aiepba),\u00a0Mart\u00edn Zurita, sostuvo a los medios que: \u00abEstamos preocupados por como terminar\u00e1 el a\u00f1o, ya que hay aumentos de sueldos docentes programados para diciembre y una reapertura de paritarias en octubre, sin ning\u00fan tipo de compensaci\u00f3n arancelaria por el momento\u00bb.<\/p>\n<p>En junio, los gremios de docentes privados y el gobierno nacional establecieron un adelantamiento de las paritarias por el cual las y los docentes pasaron a percibir un piso de 55.000 mil pesos en dicho mes; 60.000 a partir del 1 de julio; 64.000 mil a partir del 1 de septiembre; y 68.400 a partir del 1 de diciembre. <strong>(VW)<\/strong><\/p>\n","protected":false},"excerpt":{"rendered":"<p>Se cobrar\u00e1 con la cuota de octubre. Es el cuarto aumento que autoriza el gobierno de Kicillof. \u00a0Ser\u00e1 para cubrir las subas de paritarias.\u00a0<\/p>\n","protected":false},"author":4,"featured_media":7427,"comment_status":"closed","ping_status":"closed","sticky":false,"template":"","format":"standard","meta":{"_monsterinsights_skip_tracking":false,"_monsterinsights_sitenote_active":false,"_monsterinsights_sitenote_note":"","_monsterinsights_sitenote_category":0,"footnotes":""},"categories":[6,5],"tags":[373,3057,3058],"class_list":["post-7425","post","type-post","status-publish","format-standard","has-post-thumbnail","hentry","category-economia","category-sociedad","tag-aiepba","tag-aumento-en-colegios-de-provincia","tag-educacion-privada"],"_links":{"self":[{"href":"https:\/\/www.visionweb.com.ar\/index.php?rest_route=\/wp\/v2\/posts\/7425","targetHints":{"allow":["GET"]}}],"collection":[{"href":"https:\/\/www.visionweb.com.ar\/index.php?rest_route=\/wp\/v2\/posts"}],"about":[{"href":"https:\/\/www.visionweb.com.ar\/index.php?rest_route=\/wp\/v2\/types\/post"}],"author":[{"embeddable":true,"href":"https:\/\/www.visionweb.com.ar\/index.php?rest_route=\/wp\/v2\/users\/4"}],"replies":[{"embeddable":true,"href":"https:\/\/www.visionweb.com.ar\/index.php?rest_route=%2Fwp%2Fv2%2Fcomments&post=7425"}],"version-history":[{"count":2,"href":"https:\/\/www.visionweb.com.ar\/index.php?rest_route=\/wp\/v2\/posts\/7425\/revisions"}],"predecessor-version":[{"id":7428,"href":"https:\/\/www.visionweb.com.ar\/index.php?rest_route=\/wp\/v2\/posts\/7425\/revisions\/7428"}],"wp:featuredmedia":[{"embeddable":true,"href":"https:\/\/www.visionweb.com.ar\/index.php?rest_route=\/wp\/v2\/media\/7427"}],"wp:attachment":[{"href":"https:\/\/www.visionweb.com.ar\/index.php?rest_route=%2Fwp%2Fv2%2Fmedia&parent=7425"}],"wp:term":[{"taxonomy":"category","embeddable":true,"href":"https:\/\/www.visionweb.com.ar\/index.php?rest_route=%2Fwp%2Fv2%2Fcategories&post=7425"},{"taxonomy":"post_tag","embeddable":true,"href":"https:\/\/www.visionweb.com.ar\/index.php?rest_route=%2Fwp%2Fv2%2Ftags&post=7425"}],"curies":[{"name":"wp","href":"https:\/\/api.w.org\/{rel}","templated":true}]}}