{"id":7421,"date":"2022-09-28T10:49:44","date_gmt":"2022-09-28T13:49:44","guid":{"rendered":"https:\/\/www.visionweb.com.ar\/?p=7421"},"modified":"2022-09-28T10:49:44","modified_gmt":"2022-09-28T13:49:44","slug":"piqueteros-continua-la-movilizacion-en-la-9-de-julio","status":"publish","type":"post","link":"https:\/\/www.visionweb.com.ar\/?p=7421","title":{"rendered":"Piqueteros: Contin\u00faa la movilizaci\u00f3n en la 9 de Julio"},"content":{"rendered":"<p><em><strong>Luego del acampe en el que pasaron la noche frente a Desarrollo Social, a las 18 hs realizar\u00e1n una asamblea para definir c\u00f3mo continuar\u00e1n. <\/strong><\/em><!--more--><\/p>\n<div id=\"attachment_7423\" style=\"width: 643px\" class=\"wp-caption aligncenter\"><img loading=\"lazy\" decoding=\"async\" aria-describedby=\"caption-attachment-7423\" class=\"wp-image-7423 size-full\" src=\"https:\/\/www.visionweb.com.ar\/wp-content\/uploads\/2022\/09\/piqueteros-acampe-28-09-2022.bmp\" alt=\"\" width=\"633\" height=\"349\" \/><p id=\"caption-attachment-7423\" class=\"wp-caption-text\">Organizaciones sociales acabaron frente a Desarrollo Social en reclamo de aumento en los planes y alimentos para comedores. (Foto: internet)<\/p><\/div>\n<p><strong>\u00a0\u00a0\u00a0\u00a0\u00a0\u00a0 \u00a0\u00a0\u00a0\u00a0\u00a0\u00a0\u00a0 O<\/strong>rganizacionessociales que integran el<strong> bloque Unidad Piquetera <\/strong>contin\u00faan frente a la sede del Ministerio de Desarrollo Social, luego del acampe que comenzaron ayer\u00a0en reclamo de \u201ctrabajo genuino\u201d y el \u201caumento de las partidas presupuestarias para planes de empleo\u201d.<\/p>\n<p>Desde ayer\u00a0 se presentaron frente a las puertas del Ministerio de Desarrollo Social, que encabeza Juan Zabaleta, donde instalaron carpas y permanecieron durante toda la noche, y hoy a las 18 conformar\u00e1n una asamblea para analizar los pasos a seguir, \u00a0indic\u00f3 el referente del Polo Obrero Eduardo Belliboni, en declaraciones a la prensa.<\/p>\n<p>El reclamo es por \u201caumento de los planes, comida para comedores, trabajo genuino y en contra del ajuste\u201d.<\/p>\n<p><strong>Seg\u00fan adelantaron los manifestantes, no se retirar\u00e1n del lugar hasta que sean recibidos por funcionarios nacionales.<\/strong><\/p>\n<p>Belliboni detall\u00f3 que\u00a0<strong>las protestas son en reclamo de mayores ingresos para hacer frente a la inflaci\u00f3n y en rechazo a lo que defini\u00f3 como un \u201crecorte de pol\u00edticas p\u00fablicas\u201d<\/strong>.<\/p>\n<p>Adem\u00e1s, con respecto a la creaci\u00f3n de trabajo genuino Belliboni remarc\u00f3 que \u201cno se ha dado ning\u00fan paso concreto\u201d. <strong>(VW)<\/strong><\/p>\n<p>&nbsp;<\/p>\n","protected":false},"excerpt":{"rendered":"<p>Luego del acampe en el que pasaron la noche frente a Desarrollo Social, a las 18 hs realizar\u00e1n una asamblea para definir c\u00f3mo continuar\u00e1n.<\/p>\n","protected":false},"author":4,"featured_media":7423,"comment_status":"closed","ping_status":"closed","sticky":false,"template":"","format":"standard","meta":{"_monsterinsights_skip_tracking":false,"_monsterinsights_sitenote_active":false,"_monsterinsights_sitenote_note":"","_monsterinsights_sitenote_category":0,"footnotes":""},"categories":[4,5],"tags":[3055,3056,2271,2291],"class_list":["post-7421","post","type-post","status-publish","format-standard","has-post-thumbnail","hentry","category-politica","category-sociedad","tag-acampe","tag-belliboni","tag-organizaciones-sociales","tag-piqueteros"],"_links":{"self":[{"href":"https:\/\/www.visionweb.com.ar\/index.php?rest_route=\/wp\/v2\/posts\/7421","targetHints":{"allow":["GET"]}}],"collection":[{"href":"https:\/\/www.visionweb.com.ar\/index.php?rest_route=\/wp\/v2\/posts"}],"about":[{"href":"https:\/\/www.visionweb.com.ar\/index.php?rest_route=\/wp\/v2\/types\/post"}],"author":[{"embeddable":true,"href":"https:\/\/www.visionweb.com.ar\/index.php?rest_route=\/wp\/v2\/users\/4"}],"replies":[{"embeddable":true,"href":"https:\/\/www.visionweb.com.ar\/index.php?rest_route=%2Fwp%2Fv2%2Fcomments&post=7421"}],"version-history":[{"count":2,"href":"https:\/\/www.visionweb.com.ar\/index.php?rest_route=\/wp\/v2\/posts\/7421\/revisions"}],"predecessor-version":[{"id":7424,"href":"https:\/\/www.visionweb.com.ar\/index.php?rest_route=\/wp\/v2\/posts\/7421\/revisions\/7424"}],"wp:featuredmedia":[{"embeddable":true,"href":"https:\/\/www.visionweb.com.ar\/index.php?rest_route=\/wp\/v2\/media\/7423"}],"wp:attachment":[{"href":"https:\/\/www.visionweb.com.ar\/index.php?rest_route=%2Fwp%2Fv2%2Fmedia&parent=7421"}],"wp:term":[{"taxonomy":"category","embeddable":true,"href":"https:\/\/www.visionweb.com.ar\/index.php?rest_route=%2Fwp%2Fv2%2Fcategories&post=7421"},{"taxonomy":"post_tag","embeddable":true,"href":"https:\/\/www.visionweb.com.ar\/index.php?rest_route=%2Fwp%2Fv2%2Ftags&post=7421"}],"curies":[{"name":"wp","href":"https:\/\/api.w.org\/{rel}","templated":true}]}}