{"id":7417,"date":"2022-09-27T11:59:47","date_gmt":"2022-09-27T14:59:47","guid":{"rendered":"https:\/\/www.visionweb.com.ar\/?p=7417"},"modified":"2022-09-27T11:59:47","modified_gmt":"2022-09-27T14:59:47","slug":"paro-de-ate-en-todo-el-pais","status":"publish","type":"post","link":"https:\/\/www.visionweb.com.ar\/?p=7417","title":{"rendered":"Paro de ATE en todo el pa\u00eds"},"content":{"rendered":"<p><em><strong>Piden, entre otros puntos, \u201caumento de emergencia\u201d. Marchar\u00e1n al Ministerio de Econom\u00eda. La medida afect\u00f3 principalmente a las escuelas, como a la vez hubo cancelaciones de vuelos.<\/strong><\/em><strong>\u00a0<\/strong><!--more--><\/p>\n<p><strong>\u00a0\u00a0\u00a0\u00a0\u00a0\u00a0\u00a0\u00a0\u00a0\u00a0 <img loading=\"lazy\" decoding=\"async\" class=\"size-full wp-image-7419 aligncenter\" src=\"https:\/\/www.visionweb.com.ar\/wp-content\/uploads\/2022\/09\/Ate-de-paro.bmp\" alt=\"\" width=\"541\" height=\"398\" \/>\u00a0\u00a0\u00a0\u00a0\u00a0\u00a0\u00a0 L<\/strong>a Asociaci\u00f3n Trabajadores del Estado (ATE) realiza\u00a0hoy un paro nacional y movilizaci\u00f3n en todo el pa\u00eds, en reclamo de un aumento de emergencia, con paritarias que se ubiquen por encima de la inflaci\u00f3n, y el pase a planta permanente de 30.000 contratados. El Ministerio de Trabajo convoc\u00f3 a ATE y UPCN a reuni\u00f3n para el viernes.<\/p>\n<p>Seg\u00fan inform\u00f3 esa central sindical,\u00a0manifestantes de ATE se congregan desde las 11 en Avenida de Mayo y 9 de Julio para despu\u00e9s marchar al Ministerio de Econom\u00eda, ubicado a metros de la Casa Rosada.<\/p>\n<p>ATE detall\u00f3 en sus redes sociales que la movilizaci\u00f3n se realiza para pedir <strong>\u201caumento de emergencia\u201d<\/strong>,<strong>\u201cparitarias por encima de la inflaci\u00f3n\u201d<\/strong>\u00a0y a su vez \u201cel cumplimiento de los\u00a0<strong>30.000 pases a planta<\/strong>\u00a0en el Estado Nacional\u201d.<\/p>\n<p>A la vez, piden \u201cplenos derechos en provincias y municipios\u201d, entre los que mencionaron convenios colectivos y salario m\u00ednimo vital y m\u00f3vil. Y en esa l\u00ednea, habr\u00e1 marchas y movilizaciones en diferentes puntos del pa\u00eds.<\/p>\n<p><strong>\u00a0<\/strong><strong>Por su parte, el Ministerio de Trabajo, Empleo y Seguridad Social convoc\u00f3 a los gremios estatales ATE y UPCN para el viernes 30 de septiembre<\/strong>\u00a0pr\u00f3ximo a negociar la revisi\u00f3n de la\u00a0<strong>paritaria salarial<\/strong>, originalmente prevista para octubre.<\/p>\n<p><strong>Cientos de varados en los aeropuertos:<\/strong> Por\u00a0las medidas dispuestas ATE se vieron afectadas las operaciones en aeropuertos del interior del pa\u00eds, y a<strong>l menos una docena de vuelos fueron cancelados esta ma\u00f1ana, <\/strong>tanto en el Aeroparque Jorge Newbery, como en Ezeiza.<\/p>\n<p>La medida fue dispuesta por los trabajadores en un plenario nacional, que reuni\u00f3 a m\u00e1s de 50 delegados y delegadas de todo el pa\u00eds, e impactan en la afectaci\u00f3n de servicios, generando cancelaciones y demoras en algunos aeropuertos del pa\u00eds. <strong>(VW)<\/strong><\/p>\n<p>&nbsp;<\/p>\n","protected":false},"excerpt":{"rendered":"<p>Piden, entre otros puntos, \u201caumento de emergencia\u201d. Marchar\u00e1n al Ministerio de Econom\u00eda. La medida afect\u00f3 principalmente a las escuelas, como a la vez hubo cancelaciones de vuelos.\u00a0<\/p>\n","protected":false},"author":4,"featured_media":7419,"comment_status":"closed","ping_status":"closed","sticky":false,"template":"","format":"standard","meta":{"_monsterinsights_skip_tracking":false,"_monsterinsights_sitenote_active":false,"_monsterinsights_sitenote_note":"","_monsterinsights_sitenote_category":0,"footnotes":""},"categories":[4,5],"tags":[3053,3052,3051,3054],"class_list":["post-7417","post","type-post","status-publish","format-standard","has-post-thumbnail","hentry","category-politica","category-sociedad","tag-aeropuertos","tag-movilizacion-en-todo-el-pais","tag-paro-de-ate","tag-upcn"],"_links":{"self":[{"href":"https:\/\/www.visionweb.com.ar\/index.php?rest_route=\/wp\/v2\/posts\/7417","targetHints":{"allow":["GET"]}}],"collection":[{"href":"https:\/\/www.visionweb.com.ar\/index.php?rest_route=\/wp\/v2\/posts"}],"about":[{"href":"https:\/\/www.visionweb.com.ar\/index.php?rest_route=\/wp\/v2\/types\/post"}],"author":[{"embeddable":true,"href":"https:\/\/www.visionweb.com.ar\/index.php?rest_route=\/wp\/v2\/users\/4"}],"replies":[{"embeddable":true,"href":"https:\/\/www.visionweb.com.ar\/index.php?rest_route=%2Fwp%2Fv2%2Fcomments&post=7417"}],"version-history":[{"count":2,"href":"https:\/\/www.visionweb.com.ar\/index.php?rest_route=\/wp\/v2\/posts\/7417\/revisions"}],"predecessor-version":[{"id":7420,"href":"https:\/\/www.visionweb.com.ar\/index.php?rest_route=\/wp\/v2\/posts\/7417\/revisions\/7420"}],"wp:featuredmedia":[{"embeddable":true,"href":"https:\/\/www.visionweb.com.ar\/index.php?rest_route=\/wp\/v2\/media\/7419"}],"wp:attachment":[{"href":"https:\/\/www.visionweb.com.ar\/index.php?rest_route=%2Fwp%2Fv2%2Fmedia&parent=7417"}],"wp:term":[{"taxonomy":"category","embeddable":true,"href":"https:\/\/www.visionweb.com.ar\/index.php?rest_route=%2Fwp%2Fv2%2Fcategories&post=7417"},{"taxonomy":"post_tag","embeddable":true,"href":"https:\/\/www.visionweb.com.ar\/index.php?rest_route=%2Fwp%2Fv2%2Ftags&post=7417"}],"curies":[{"name":"wp","href":"https:\/\/api.w.org\/{rel}","templated":true}]}}