{"id":7413,"date":"2022-09-27T11:02:26","date_gmt":"2022-09-27T14:02:26","guid":{"rendered":"https:\/\/www.visionweb.com.ar\/?p=7413"},"modified":"2022-09-27T11:02:26","modified_gmt":"2022-09-27T14:02:26","slug":"dia-nacional-de-la-conciencia-ambiental","status":"publish","type":"post","link":"https:\/\/www.visionweb.com.ar\/?p=7413","title":{"rendered":"D\u00eda Nacional de la Conciencia Ambiental"},"content":{"rendered":"<p><em><strong>Existen muchas acciones que se pueden incorporar a lo cotidiano para proteger el medio ambiente. La fecha se declar\u00f3 por una tragedia ocurrida por envenenamiento por gases. En la Ciudad se realizar\u00e1 el 1er.\u00a0Encuentro de Triple Impacto.<\/strong><\/em><strong>\u00a0<\/strong><!--more--><\/p>\n<div id=\"attachment_7415\" style=\"width: 707px\" class=\"wp-caption aligncenter\"><img loading=\"lazy\" decoding=\"async\" aria-describedby=\"caption-attachment-7415\" class=\"wp-image-7415 size-full\" src=\"https:\/\/www.visionweb.com.ar\/wp-content\/uploads\/2022\/09\/dia-medio-ambiente-ciudad.gob_.ar_.bmp\" alt=\"\" width=\"697\" height=\"328\" \/><p id=\"caption-attachment-7415\" class=\"wp-caption-text\">Conciencia Ambiental para la protecci\u00f3n del medio ambiente. (Imagen: buenosaires.gob.ar).\u00a0 \u00a0 \u00a0 \u00a0 \u00a0 \u00a0 \u00a0 \u00a0 \u00a0 \u00a0 \u00a0 \u00a0 \u00a0 \u00a0 \u00a0 \u00a0 \u00a0 \u00a0 \u00a0 \u00a0 \u00a0 \u00a0 \u00a0 \u00a0 \u00a0 \u00a0 \u00a0 \u00a0 \u00a0 \u00a0 \u00a0 \u00a0 \u00a0 \u00a0 \u00a0 \u00a0 \u00a0 \u00a0 \u00a0 \u00a0 \u00a0 \u00a0 \u00a0 \u00a0 \u00a0 \u00a0 \u00a0 \u00a0 \u00a0 \u00a0 \u00a0 \u00a0 \u00a0 \u00a0 \u00a0 \u00a0 \u00a0<strong style=\"font-size: 16px;\">\u00a0 \u00a0 \u00a0 \u00a0 \u00a0 \u00a0 E<\/strong><span style=\"font-size: 16px;\">ste 27 de septiembre se celebra <\/span><strong style=\"font-size: 16px;\">el D\u00eda Nacional de la Conciencia Ambiental, <\/strong><span style=\"font-size: 16px;\">con el fin de impulsar pr\u00e1cticas y actitudes responsables en funci\u00f3n de la relaci\u00f3n con el medio ambiente. La fecha se estableci\u00f3 por una tragedia ocurrida en Avellaneda en 1993 donde fallecieron siete personas.<\/span><\/p><\/div>\n<p>A partir de la sanci\u00f3n de la<strong>\u00a0<\/strong><strong>Ley 24.605<\/strong>\u00a0en 1995, se declar\u00f3 el D\u00eda Nacional de la Conciencia Ambiental: Se trata de proteger el medio ambiente.\u00a0La contaminaci\u00f3n del aire, la contaminaci\u00f3n del agua, la deforestaci\u00f3n y el calentamiento global, son consecuencia del estilo de vida que desarrollamos los humanos y ejemplo del deterioro en el medio ambiente.<\/p>\n<p>La educaci\u00f3n ambiental y la conciencia ayuda a los humanos a darnos cuenta de que cada acci\u00f3n que realizamos en nuestra vida cotidiana repercute en el medioambiente, por lo que siempre es importante repensar cu\u00e1l es el medio de transporte que utilizamos, el uso de bolsas de pl\u00e1stico, el tipo de energ\u00eda que consumimos y otras acciones.<\/p>\n<p>Formas de cuidar el medio ambiente: con peque\u00f1as acciones de rutina se puede contribuir.<\/p>\n<p>Cultivar los propios alimentos.<\/p>\n<p>Ahorrar agua.<\/p>\n<p>Separar la basura.<\/p>\n<p>Reutilizar envases y ropa.<\/p>\n<p>Desconectar los cargadores y los enchufes cuando no se est\u00e9n utilizando.<\/p>\n<p>Plantar \u00e1rboles.<\/p>\n<p><strong>Qu\u00e9 ocurri\u00f3 en 1993:<\/strong> La tragedia se desat\u00f3 por dos hechos diferentes que terminaron uni\u00e9ndose: por un lado, una empresa transportistas desech\u00f3 \u00e1cido sulf\u00farico en las cloacas; mientras otra empresa derram\u00f3 a las mismas cloacas restos de sales de cianuro. Esa combinaci\u00f3n form\u00f3 el\u00a0gas cianh\u00eddrico, tambi\u00e9n conocido como cianuro de hidr\u00f3geno, que es incoloro, muy venenoso y vol\u00e1til y puede matar en pocos minutos.<\/p>\n<p>Las v\u00edctimas fatales fueron cuatro miembros de una familia afectada por esa cloaca y tres m\u00e9dicos que asistieron al lugar ante la emergencia, lo cual concluy\u00f3 con\u00a0siete personas muertas por contaminaci\u00f3n ambiental.<\/p>\n<p>Esta causa fue una de las primeras en aplicar la Ley de Residuos Peligrosos, sancionada en 1991, aunque el proceso judicial no dej\u00f3 condenados. En diciembre de 1995, el Congreso Nacional sancion\u00f3 la Ley 24.605 que declara el 27 de septiembre como \u00abD\u00eda Nacional de la Conciencia Ambiental\u00bb. Esta conmemoraci\u00f3n intenta que la sociedad lleve adelante diversas pr\u00e1cticas colectivas de cuidado del medio ambiente.<\/p>\n<p><strong>Actividades en la Ciudad:<\/strong> Este 27 de septiembre se llevar\u00e1 a cabo el Encuentro de Triple Impacto (E3i) en el Ecoparque, con la finalidad de conectar a organizaciones de la sociedad civil con PyMEs.<\/p>\n<p>La iniciativa se centra en promover la integraci\u00f3n hacia una econom\u00eda m\u00e1s inclusiva y sostenible. Habr\u00e1 rondas de negocios, talleres y capacitaciones.<\/p>\n<p>Esta primera edici\u00f3n del\u00a0<strong>Encuentro de Triple Impacto<\/strong>\u00a0 para conectar a organizaciones de la sociedad civil con PyMEs, se desarrollar\u00e1 en el Ecoparque,\u00a0Av. Las Heras y Sarmiento, de 13 a 17 horas.<strong> (VW)<\/strong><\/p>\n<p>&nbsp;<\/p>\n<p>&nbsp;<\/p>\n","protected":false},"excerpt":{"rendered":"<p>Existen muchas acciones que se pueden incorporar a lo cotidiano para proteger el medio ambiente. La fecha se declar\u00f3 por una tragedia ocurrida por envenenamiento por gases. En la Ciudad se realizar\u00e1 el 1er.\u00a0Encuentro&#46;&#46;&#46;<\/p>\n","protected":false},"author":4,"featured_media":7415,"comment_status":"closed","ping_status":"closed","sticky":false,"template":"","format":"standard","meta":{"_monsterinsights_skip_tracking":false,"_monsterinsights_sitenote_active":false,"_monsterinsights_sitenote_note":"","_monsterinsights_sitenote_category":0,"footnotes":""},"categories":[8,5],"tags":[330,3049,3050,607],"class_list":["post-7413","post","type-post","status-publish","format-standard","has-post-thumbnail","hentry","category-interes-general","category-sociedad","tag-caba","tag-dia-nacional-de-la-conciencia-ambiental","tag-encuentro-triple-impacto","tag-medio-ambiente"],"_links":{"self":[{"href":"https:\/\/www.visionweb.com.ar\/index.php?rest_route=\/wp\/v2\/posts\/7413","targetHints":{"allow":["GET"]}}],"collection":[{"href":"https:\/\/www.visionweb.com.ar\/index.php?rest_route=\/wp\/v2\/posts"}],"about":[{"href":"https:\/\/www.visionweb.com.ar\/index.php?rest_route=\/wp\/v2\/types\/post"}],"author":[{"embeddable":true,"href":"https:\/\/www.visionweb.com.ar\/index.php?rest_route=\/wp\/v2\/users\/4"}],"replies":[{"embeddable":true,"href":"https:\/\/www.visionweb.com.ar\/index.php?rest_route=%2Fwp%2Fv2%2Fcomments&post=7413"}],"version-history":[{"count":2,"href":"https:\/\/www.visionweb.com.ar\/index.php?rest_route=\/wp\/v2\/posts\/7413\/revisions"}],"predecessor-version":[{"id":7416,"href":"https:\/\/www.visionweb.com.ar\/index.php?rest_route=\/wp\/v2\/posts\/7413\/revisions\/7416"}],"wp:featuredmedia":[{"embeddable":true,"href":"https:\/\/www.visionweb.com.ar\/index.php?rest_route=\/wp\/v2\/media\/7415"}],"wp:attachment":[{"href":"https:\/\/www.visionweb.com.ar\/index.php?rest_route=%2Fwp%2Fv2%2Fmedia&parent=7413"}],"wp:term":[{"taxonomy":"category","embeddable":true,"href":"https:\/\/www.visionweb.com.ar\/index.php?rest_route=%2Fwp%2Fv2%2Fcategories&post=7413"},{"taxonomy":"post_tag","embeddable":true,"href":"https:\/\/www.visionweb.com.ar\/index.php?rest_route=%2Fwp%2Fv2%2Ftags&post=7413"}],"curies":[{"name":"wp","href":"https:\/\/api.w.org\/{rel}","templated":true}]}}