{"id":7403,"date":"2022-09-26T14:11:49","date_gmt":"2022-09-26T17:11:49","guid":{"rendered":"https:\/\/www.visionweb.com.ar\/?p=7403"},"modified":"2022-09-26T14:11:49","modified_gmt":"2022-09-26T17:11:49","slug":"fuerte-promocion-de-la-camara-argentina-de-turismo-por-el-mundo","status":"publish","type":"post","link":"https:\/\/www.visionweb.com.ar\/?p=7403","title":{"rendered":"Fuerte promoci\u00f3n de la C\u00e1mara Argentina de Turismo por el mundo"},"content":{"rendered":"<p><em><strong>Importante presencia nacional en el Top Resa &#8211; Par\u00eds 2022. Tambi\u00e9n en la feria de turismo ABAV de Brasil y en el encuentro \u201cBuy Argentina\u201d en Lyon, Francia.<\/strong><\/em>\u00a0 \u00a0 \u00a0 \u00a0 \u00a0 \u00a0 \u00a0 \u00a0<!--more--><\/p>\n<div id=\"attachment_7405\" style=\"width: 761px\" class=\"wp-caption aligncenter\"><img loading=\"lazy\" decoding=\"async\" aria-describedby=\"caption-attachment-7405\" class=\"wp-image-7405 size-full\" src=\"https:\/\/www.visionweb.com.ar\/wp-content\/uploads\/2022\/09\/CAT-en-Lyon.bmp\" alt=\"\" width=\"751\" height=\"396\" \/><p id=\"caption-attachment-7405\" class=\"wp-caption-text\">Fuerte participaci\u00f3n de Argentina en ferias de turismo en el exterior. (Fotos: gentileza CAT)<\/p><\/div>\n<p><strong>A<\/strong>rgentina particip\u00f3 en la <strong>International French<\/strong><strong> Travel Market\u00a0(IFTM)\u00a0 Top Resa <\/strong>en Francia, que se llev\u00f3 a cabo entre el 20 y 22 de septiembre, donde la <strong>C\u00e1mara<\/strong><strong> Argentina<\/strong><strong> de Turismo<\/strong> (CAT) promocion\u00f3 al pa\u00eds ante el mercado europeo para potenciar la llegada de turistas.<\/p>\n<p>En el evento, el presidente de la CAT, <strong>Gustavo Hani<\/strong>, afirm\u00f3 que: \u201cEs el momento de redoblar los esfuerzos y continuar posicionando a la Argentina en el mundo. Por eso tenemos que estar presentes en las principales ferias de la actividad. El turismo es el motor que puede sacar al pa\u00eds adelante\u201d.<\/p>\n<p>Argentina dispuso un stand de 80 m2 en el <strong>predio ferial\u00a0Parc des Expositions de la Porte de Versailles<\/strong>. All\u00ed los representantes de empresas y destinos tur\u00edsticos recibieron a operadores y agencias de viajes del mercado franc\u00e9s y de Europa para mostrar las distintas novedades de los productos y servicios tur\u00edsticos nacionales, conforme indic\u00f3 el departamento de comunicaciones de la CAT.<\/p>\n<p>Francia es el segundo pa\u00eds europeo que m\u00e1s turistas emite hacia a nuestro pa\u00eds y ocupa el puesto 10\u00ba en el ranking de llegadas de turistas extranjeros, con un total de 157 mil turistas en el a\u00f1o 2019 y actualmente se encuentra en una etapa de reactivaci\u00f3n.<\/p>\n<p>La delegaci\u00f3n cont\u00f3 con la presencia del presidente de la CAT, Gustavo Hani; el secretario de Relaciones Institucionales, Horacio Reppucci; y el secretario ejecutivo del Instituto Nacional de Promoci\u00f3n Tur\u00edstica (Inprotur), Ricardo Sosa. Tambi\u00e9n estuvieron presentes autoridades de la Ciudad de Buenos Aires, Salta, Jujuy, Santa Cruz, Los Antiguos, Tucum\u00e1n, La Rioja y Bariloche.<\/p>\n<p>Convocados por la C\u00e1mara Argentina de Turismo participaron: Amahuaca, Designer Trips Argentina, Esteros Viajes, Eurotur, Furlong Incoming, Helling\u2019s Travel, Inspira Travel, Sake Wine &amp; Travel, Terra Patagonia, Vivaterra DMC, Turismo Tastil, y Hotel Madero Buenos Aires.<\/p>\n<p>Cabe destacar que la IFTM &#8211; Top Resa es una feria dedicada al p\u00fablico profesional. En esta edici\u00f3n cont\u00f3 con 33.000 metros cuadrados de extensi\u00f3n y con la participaci\u00f3n de unos 34.000 expositores y visitantes dedicados exclusivamente a la industria.<\/p>\n<p><strong><a href=\"https:\/\/www.visionweb.com.ar\/wp-content\/uploads\/2022\/09\/CAT-en-Lyon-2.bmp\"><img loading=\"lazy\" decoding=\"async\" class=\"size-full wp-image-7406 aligncenter\" src=\"https:\/\/www.visionweb.com.ar\/wp-content\/uploads\/2022\/09\/CAT-en-Lyon-2.bmp\" alt=\"\" width=\"717\" height=\"323\" \/><\/a>Hubo y habr\u00e1 m\u00e1s promociones en Brasil y \u201cBuy Argentina\u201d en Francia y Espa\u00f1a:<\/strong> En paralelo con la presentaci\u00f3n en Top Resa, otra delegaci\u00f3n argentina encabezada por el Inprotur parti\u00f3 rumbo a <strong>Pernambuco, Brasil<\/strong>, donde se llev\u00f3 a cabo la feria de turismo <strong>ABAV Expo<\/strong> del 21 al 23 de septiembre con la participaci\u00f3n de 18 empresas y 10 destinos.<\/p>\n<p>A su vez, Argentina organiz\u00f3 este viernes 23 de septiembre -en la ciudad de <strong>Lyon, en Francia \u2013 el encuentro \u201cBuy Argentina\u201d<\/strong> que se realiz\u00f3 en el\u00a0Hotel Mercure Lyon Centre Chateu Perrache.<\/p>\n<p>La acci\u00f3n permiti\u00f3 la recomposici\u00f3n de los negocios entre los empresarios argentinos y los operadores emisivos franceses. Asimismo, hubo una instancia de capacitaci\u00f3n donde los locales pudieron acceder a una actualizaci\u00f3n de productos y servicios que ofrece Argentina.<\/p>\n<p>Por otro lado, para <strong>el 27 de septiembre est\u00e1 previsto un nuevo \u201cBuy Argentina\u201d, esta vez en la ciudad de Barcelona, Espa\u00f1a<\/strong>. En esta oportunidad el encuentro tendr\u00e1 lugar en el Consulado General de Argentina en Barcelona.<\/p>\n<p>La iniciativa, organizada por el Inprotur junto a la CAT, que tiene como objetivo fortalecer la llegada de turistas internacionales a nuestro pa\u00eds, ya fue realizada con \u00e9xito en los mercados de Chile, Brasil, M\u00e9xico, Colombia, Per\u00fa y Uruguay. <strong>(VW)<\/strong><\/p>\n","protected":false},"excerpt":{"rendered":"<p>Importante presencia nacional en el Top Resa &#8211; Par\u00eds 2022. Tambi\u00e9n en la feria de turismo ABAV de Brasil y en el encuentro \u201cBuy Argentina\u201d en Lyon, Francia.\u00a0 \u00a0 \u00a0 \u00a0 \u00a0 \u00a0 \u00a0&#46;&#46;&#46;<\/p>\n","protected":false},"author":4,"featured_media":7406,"comment_status":"closed","ping_status":"closed","sticky":false,"template":"","format":"standard","meta":{"_monsterinsights_skip_tracking":false,"_monsterinsights_sitenote_active":false,"_monsterinsights_sitenote_note":"","_monsterinsights_sitenote_category":0,"footnotes":""},"categories":[700],"tags":[1322,1424,1371,3046,2486,3047],"class_list":["post-7403","post","type-post","status-publish","format-standard","has-post-thumbnail","hentry","category-turismo","tag-brasil","tag-camara-argentina-turismo","tag-cat","tag-fefias-en-el-mundo","tag-gustavo-hani","tag-paris"],"_links":{"self":[{"href":"https:\/\/www.visionweb.com.ar\/index.php?rest_route=\/wp\/v2\/posts\/7403","targetHints":{"allow":["GET"]}}],"collection":[{"href":"https:\/\/www.visionweb.com.ar\/index.php?rest_route=\/wp\/v2\/posts"}],"about":[{"href":"https:\/\/www.visionweb.com.ar\/index.php?rest_route=\/wp\/v2\/types\/post"}],"author":[{"embeddable":true,"href":"https:\/\/www.visionweb.com.ar\/index.php?rest_route=\/wp\/v2\/users\/4"}],"replies":[{"embeddable":true,"href":"https:\/\/www.visionweb.com.ar\/index.php?rest_route=%2Fwp%2Fv2%2Fcomments&post=7403"}],"version-history":[{"count":2,"href":"https:\/\/www.visionweb.com.ar\/index.php?rest_route=\/wp\/v2\/posts\/7403\/revisions"}],"predecessor-version":[{"id":7407,"href":"https:\/\/www.visionweb.com.ar\/index.php?rest_route=\/wp\/v2\/posts\/7403\/revisions\/7407"}],"wp:featuredmedia":[{"embeddable":true,"href":"https:\/\/www.visionweb.com.ar\/index.php?rest_route=\/wp\/v2\/media\/7406"}],"wp:attachment":[{"href":"https:\/\/www.visionweb.com.ar\/index.php?rest_route=%2Fwp%2Fv2%2Fmedia&parent=7403"}],"wp:term":[{"taxonomy":"category","embeddable":true,"href":"https:\/\/www.visionweb.com.ar\/index.php?rest_route=%2Fwp%2Fv2%2Fcategories&post=7403"},{"taxonomy":"post_tag","embeddable":true,"href":"https:\/\/www.visionweb.com.ar\/index.php?rest_route=%2Fwp%2Fv2%2Ftags&post=7403"}],"curies":[{"name":"wp","href":"https:\/\/api.w.org\/{rel}","templated":true}]}}