{"id":7399,"date":"2022-09-26T13:22:46","date_gmt":"2022-09-26T16:22:46","guid":{"rendered":"https:\/\/www.visionweb.com.ar\/?p=7399"},"modified":"2022-09-26T13:22:46","modified_gmt":"2022-09-26T16:22:46","slug":"lanus-el-municipio-festejara-los-78-anos-del-distrito","status":"publish","type":"post","link":"https:\/\/www.visionweb.com.ar\/?p=7399","title":{"rendered":"Lan\u00fas: El Municipio festejar\u00e1 los 78 a\u00f1os del distrito"},"content":{"rendered":"<p><em><strong>El pr\u00f3ximo fin de semana, Lan\u00fas celebra el aniversario de la autonom\u00eda municipal con diversos shows, ferias locales y muchas sorpresas.<\/strong><\/em><strong>\u00a0<\/strong><!--more--><\/p>\n<p><strong><img loading=\"lazy\" decoding=\"async\" class=\"size-medium wp-image-7401 alignright\" src=\"https:\/\/www.visionweb.com.ar\/wp-content\/uploads\/2022\/09\/fiesta-lanus-78-anos-300x300.jpg\" alt=\"\" width=\"300\" height=\"300\" srcset=\"https:\/\/www.visionweb.com.ar\/wp-content\/uploads\/2022\/09\/fiesta-lanus-78-anos-300x300.jpg 300w, https:\/\/www.visionweb.com.ar\/wp-content\/uploads\/2022\/09\/fiesta-lanus-78-anos-150x150.jpg 150w, https:\/\/www.visionweb.com.ar\/wp-content\/uploads\/2022\/09\/fiesta-lanus-78-anos-80x80.jpg 80w, https:\/\/www.visionweb.com.ar\/wp-content\/uploads\/2022\/09\/fiesta-lanus-78-anos-320x320.jpg 320w, https:\/\/www.visionweb.com.ar\/wp-content\/uploads\/2022\/09\/fiesta-lanus-78-anos-65x65.jpg 65w, https:\/\/www.visionweb.com.ar\/wp-content\/uploads\/2022\/09\/fiesta-lanus-78-anos.jpg 584w\" sizes=\"auto, (max-width: 300px) 100vw, 300px\" \/>E<\/strong>l Municipio de Lan\u00fas organiz\u00f3 diferentes espect\u00e1culos y actividades que tendr\u00e1n lugar en el Parque Eva Per\u00f3n, sito en Purita y C\u00f3rdoba, de Lan\u00fas Este, con motivo del cumplea\u00f1os n\u00famero 78 del distrito.<\/p>\n<p>Ser\u00e1 el pr\u00f3ximo fin de semana (1 y 2 de octubre) desde las 12 hasta las 20 horas, donde las familias dispondr\u00e1n de numerosos shows y sorteos, como as\u00ed tambi\u00e9n, tendr\u00e1n la oportunidad de adquirir productos de elaboraci\u00f3n propia en las ferias locales o incluso asistir a clases de Yoga o Zumba, inform\u00f3 Prensa de Lan\u00fas.<\/p>\n<p>Entre las bandas convocadas, figuran Inconsciente, Reot, Sue\u00f1o Stereo, Competencia de Freestyle, Mic Abierto, La Chilinga y Tambores del Sur.<\/p>\n<p>En tanto, para los m\u00e1s chiquitos estar\u00e1n presentes Ave F\u00e9nix, el Mago Lorenzo, entre otros artistas.<\/p>\n<p>Por otra parte, habr\u00e1 diferentes torneos y talleres a cargo de las \u00e1reas de\u00a0<strong>Salud\u00a0<\/strong>(Campa\u00f1as contra el Sarampi\u00f3n, Pediculosis y enfermedades de transmisi\u00f3n sexual); \u00a0<strong>Defensa Civil<\/strong>\u00a0(Inflable y charlas);\u00a0<strong>Industrias Creativas\u00a0<\/strong>(ferias);\u00a0<strong>Deporte<\/strong>\u00a0(Skaters, ciclismo, dodgeball y hockey) y\u00a0<strong>Empleo<\/strong>\u00a0(Armado de CV y consulta de ofertas laborales).<\/p>\n<p>La informaci\u00f3n completa est\u00e1 en\u00a0<a href=\"https:\/\/www.lanus.gob.ar\/aniversariolanus\">https:\/\/www.lanus.gob.ar\/aniversariolanus<\/a>.<\/p>\n<p>A continuaci\u00f3n, se detallan los d\u00edas y horarios de las actividades:<\/p>\n<p><strong>S\u00e1bado 1\/10<\/strong><\/p>\n<ul>\n<li>13:00hs &#8211; Clase de Yoga<\/li>\n<li>14:00hs &#8211; Show \u00abAve F\u00e9nix\u00bb<\/li>\n<li>15:00hs &#8211; Show de Magia inclusiva<\/li>\n<\/ul>\n<p>&nbsp;<\/p>\n<p>Bandas:<\/p>\n<ul>\n<li>16:00hs &#8211; Inconsciente<\/li>\n<li>17:00hs &#8211; Reot<\/li>\n<li>18:00hs &#8211; Sue\u00f1o Stereo<\/li>\n<\/ul>\n<p>&nbsp;<\/p>\n<p><strong>Domingo 2\/10<\/strong><\/p>\n<ul>\n<li>13:00hs &#8211; Rock and Billy Circus<\/li>\n<li>14:00hs &#8211; Mago Lorenzo<\/li>\n<li>15:00hs &#8211; Zumba<\/li>\n<\/ul>\n<p>&nbsp;<\/p>\n<p>Bandas:<\/p>\n<ul>\n<li>16:00hs &#8211; Competencia de Freestyle<\/li>\n<li>17:00hs &#8211; Mic Abierto<\/li>\n<li>18:00hs &#8211; La Chilinga + Tambores del Sur. <strong>(VW)<\/strong><\/li>\n<\/ul>\n<p>&nbsp;<\/p>\n","protected":false},"excerpt":{"rendered":"<p>El pr\u00f3ximo fin de semana, Lan\u00fas celebra el aniversario de la autonom\u00eda municipal con diversos shows, ferias locales y muchas sorpresas.\u00a0<\/p>\n","protected":false},"author":4,"featured_media":7401,"comment_status":"closed","ping_status":"closed","sticky":false,"template":"","format":"standard","meta":{"_monsterinsights_skip_tracking":false,"_monsterinsights_sitenote_active":false,"_monsterinsights_sitenote_note":"","_monsterinsights_sitenote_category":0,"footnotes":""},"categories":[8],"tags":[3044,1934,19,3045],"class_list":["post-7399","post","type-post","status-publish","format-standard","has-post-thumbnail","hentry","category-interes-general","tag-78-aniversario","tag-festejo","tag-lanus","tag-parque-va-peron"],"_links":{"self":[{"href":"https:\/\/www.visionweb.com.ar\/index.php?rest_route=\/wp\/v2\/posts\/7399","targetHints":{"allow":["GET"]}}],"collection":[{"href":"https:\/\/www.visionweb.com.ar\/index.php?rest_route=\/wp\/v2\/posts"}],"about":[{"href":"https:\/\/www.visionweb.com.ar\/index.php?rest_route=\/wp\/v2\/types\/post"}],"author":[{"embeddable":true,"href":"https:\/\/www.visionweb.com.ar\/index.php?rest_route=\/wp\/v2\/users\/4"}],"replies":[{"embeddable":true,"href":"https:\/\/www.visionweb.com.ar\/index.php?rest_route=%2Fwp%2Fv2%2Fcomments&post=7399"}],"version-history":[{"count":2,"href":"https:\/\/www.visionweb.com.ar\/index.php?rest_route=\/wp\/v2\/posts\/7399\/revisions"}],"predecessor-version":[{"id":7402,"href":"https:\/\/www.visionweb.com.ar\/index.php?rest_route=\/wp\/v2\/posts\/7399\/revisions\/7402"}],"wp:featuredmedia":[{"embeddable":true,"href":"https:\/\/www.visionweb.com.ar\/index.php?rest_route=\/wp\/v2\/media\/7401"}],"wp:attachment":[{"href":"https:\/\/www.visionweb.com.ar\/index.php?rest_route=%2Fwp%2Fv2%2Fmedia&parent=7399"}],"wp:term":[{"taxonomy":"category","embeddable":true,"href":"https:\/\/www.visionweb.com.ar\/index.php?rest_route=%2Fwp%2Fv2%2Fcategories&post=7399"},{"taxonomy":"post_tag","embeddable":true,"href":"https:\/\/www.visionweb.com.ar\/index.php?rest_route=%2Fwp%2Fv2%2Ftags&post=7399"}],"curies":[{"name":"wp","href":"https:\/\/api.w.org\/{rel}","templated":true}]}}