{"id":7396,"date":"2022-09-26T11:41:13","date_gmt":"2022-09-26T14:41:13","guid":{"rendered":"https:\/\/www.visionweb.com.ar\/?p=7396"},"modified":"2022-09-26T11:41:39","modified_gmt":"2022-09-26T14:41:39","slug":"bullrich-cuestiono-la-formacion-de-los-docentes-y-la-provincia-salio-al-cruce","status":"publish","type":"post","link":"https:\/\/www.visionweb.com.ar\/?p=7396","title":{"rendered":"Bullrich cuestion\u00f3 la formaci\u00f3n de los docentes y la Provincia sali\u00f3 al cruce"},"content":{"rendered":"<p><em><strong>Para la dirigente opositora, \u00ablos 1.500 institutos para formar docentes que hay en Argentina tienen due\u00f1os, que son sindicalistas\u00bb<\/strong><\/em><!--more--><\/p>\n<div id=\"attachment_4759\" style=\"width: 310px\" class=\"wp-caption alignright\"><img loading=\"lazy\" decoding=\"async\" aria-describedby=\"caption-attachment-4759\" class=\"wp-image-4759 size-medium\" src=\"https:\/\/www.visionweb.com.ar\/wp-content\/uploads\/2022\/03\/Patricia-Bullrich-300x202.png\" alt=\"\" width=\"300\" height=\"202\" srcset=\"https:\/\/www.visionweb.com.ar\/wp-content\/uploads\/2022\/03\/Patricia-Bullrich-300x202.png 300w, https:\/\/www.visionweb.com.ar\/wp-content\/uploads\/2022\/03\/Patricia-Bullrich-768x517.png 768w, https:\/\/www.visionweb.com.ar\/wp-content\/uploads\/2022\/03\/Patricia-Bullrich.png 800w\" sizes=\"auto, (max-width: 300px) 100vw, 300px\" \/><p id=\"caption-attachment-4759\" class=\"wp-caption-text\"><em><strong>Patricia Bullrich, presidenta del PRO (Archivo VW)<\/strong><\/em><\/p><\/div>\n<p><strong>E<\/strong>l director general de Cultura y Educaci\u00f3n de la provincia de Buenos Aires, Alberto Sileoni, sali\u00f3 al cruce de las declaraciones de la presidenta del PRO, Patricia Bullrich, quien cuestion\u00f3 la formaci\u00f3n de los docentes.<\/p>\n<p>El funcionario afirm\u00f3 que el Gobierno de Axel Kicillof est\u00e1 \u201corgulloso de las y los docentes bonaerenses\u201d y pidi\u00f3 a la alianza opositora Juntos por el Cambio (JxC) \u201crespeto\u201d para esos profesionales.<\/p>\n<p>\u201cMientras en algunos medios asistimos al reiterado repertorio de desprecio e ignorancia, en la provincia seguimos trabajando con nuestros 180 Institutos Superiores de Formaci\u00f3n Docente, donde estudian alrededor 170 mil estudiantes, transformando las carreras y los planes de estudio\u201d, asever\u00f3 Sileoni en una serie de mensajes que public\u00f3 en la red social Twiiter.<\/p>\n<p>De ese modo, el funcionario se refiri\u00f3 a las declaraciones vertidas el fin de semana por la presidenta del PRO, Patricia Bullrich, quien en declaraciones televisivas dijo que \u201clos maestros tienen que ser muchos m\u00e1s cultos de lo que son\u201d.<\/p>\n<p>Para la dirigente opositora, \u201clos 1.500 institutos para formar docentes que hay en Argentina tienen due\u00f1os, que son sindicalistas\u201d.<\/p>\n<p>\u201cDecime de d\u00f3nde sacan los maestros para ense\u00f1arles a esos maestros\u201d, indic\u00f3 Bullrich en el programa \u201cAlmorzando con Mirtha Legrand\u201d.<\/p>\n<div id=\"attachment_3951\" style=\"width: 310px\" class=\"wp-caption alignleft\"><img loading=\"lazy\" decoding=\"async\" aria-describedby=\"caption-attachment-3951\" class=\"wp-image-3951 size-medium\" src=\"https:\/\/www.visionweb.com.ar\/wp-content\/uploads\/2021\/12\/SILIONE-300x170.png\" alt=\"\" width=\"300\" height=\"170\" srcset=\"https:\/\/www.visionweb.com.ar\/wp-content\/uploads\/2021\/12\/SILIONE-300x170.png 300w, https:\/\/www.visionweb.com.ar\/wp-content\/uploads\/2021\/12\/SILIONE-768x436.png 768w, https:\/\/www.visionweb.com.ar\/wp-content\/uploads\/2021\/12\/SILIONE.png 800w\" sizes=\"auto, (max-width: 300px) 100vw, 300px\" \/><p id=\"caption-attachment-3951\" class=\"wp-caption-text\"><em><strong>Alberto Sileoni, Director General de Educaci\u00f3n (Archivo VW)<\/strong><\/em><\/p><\/div>\n<p>En respuesta a esas afirmaciones, Sileoni asegur\u00f3 que, por el contrario, el Gobierno bonaerense est\u00e1 \u201corgulloso\u201d de las y los docentes, como as\u00ed tambi\u00e9n del esfuerzo que hicieron en el marco de la pandemia de coronavirus.<\/p>\n<p>\u201cEstamos orgullosos de los y las docentes bonaerenses, nuestros h\u00e9roes durante la pandemia\u201d, asever\u00f3 el ministro.<\/p>\n<p>En este sentido, sostuvo que el oficialismo \u201cjam\u00e1s pensar\u00eda en sustituirlos (a los docentes) por voluntarios, como pretendieron hacer quienes nos precedieron en el Gobierno\u201d.<\/p>\n<p>Luego, plante\u00f3 que, \u201ca la oscuridad del prejuicio\u201d, desde el Gobierno le responden \u201ccon trabajo e inversi\u00f3n\u201d.<\/p>\n<p>\u201cTengan respeto. Los y las docentes bonaerenses son personas muy importantes y no merecen ser tratados con tanta irresponsabilidad\u201d, concluy\u00f3 Alberto Sileoni<strong>(VW)<\/strong>.<\/p>\n","protected":false},"excerpt":{"rendered":"<p>Para la dirigente opositora, \u00ablos 1.500 institutos para formar docentes que hay en Argentina tienen due\u00f1os, que son sindicalistas\u00bb<\/p>\n","protected":false},"author":3,"featured_media":4759,"comment_status":"closed","ping_status":"closed","sticky":false,"template":"","format":"standard","meta":{"_monsterinsights_skip_tracking":false,"_monsterinsights_sitenote_active":false,"_monsterinsights_sitenote_note":"","_monsterinsights_sitenote_category":0,"footnotes":""},"categories":[7],"tags":[504,949,3043],"class_list":["post-7396","post","type-post","status-publish","format-standard","has-post-thumbnail","hentry","category-educacion-y-cultura","tag-bullrich","tag-capacitacion","tag-sileone"],"_links":{"self":[{"href":"https:\/\/www.visionweb.com.ar\/index.php?rest_route=\/wp\/v2\/posts\/7396","targetHints":{"allow":["GET"]}}],"collection":[{"href":"https:\/\/www.visionweb.com.ar\/index.php?rest_route=\/wp\/v2\/posts"}],"about":[{"href":"https:\/\/www.visionweb.com.ar\/index.php?rest_route=\/wp\/v2\/types\/post"}],"author":[{"embeddable":true,"href":"https:\/\/www.visionweb.com.ar\/index.php?rest_route=\/wp\/v2\/users\/3"}],"replies":[{"embeddable":true,"href":"https:\/\/www.visionweb.com.ar\/index.php?rest_route=%2Fwp%2Fv2%2Fcomments&post=7396"}],"version-history":[{"count":2,"href":"https:\/\/www.visionweb.com.ar\/index.php?rest_route=\/wp\/v2\/posts\/7396\/revisions"}],"predecessor-version":[{"id":7398,"href":"https:\/\/www.visionweb.com.ar\/index.php?rest_route=\/wp\/v2\/posts\/7396\/revisions\/7398"}],"wp:featuredmedia":[{"embeddable":true,"href":"https:\/\/www.visionweb.com.ar\/index.php?rest_route=\/wp\/v2\/media\/4759"}],"wp:attachment":[{"href":"https:\/\/www.visionweb.com.ar\/index.php?rest_route=%2Fwp%2Fv2%2Fmedia&parent=7396"}],"wp:term":[{"taxonomy":"category","embeddable":true,"href":"https:\/\/www.visionweb.com.ar\/index.php?rest_route=%2Fwp%2Fv2%2Fcategories&post=7396"},{"taxonomy":"post_tag","embeddable":true,"href":"https:\/\/www.visionweb.com.ar\/index.php?rest_route=%2Fwp%2Fv2%2Ftags&post=7396"}],"curies":[{"name":"wp","href":"https:\/\/api.w.org\/{rel}","templated":true}]}}