{"id":7374,"date":"2022-09-26T11:11:30","date_gmt":"2022-09-26T14:11:30","guid":{"rendered":"https:\/\/www.visionweb.com.ar\/?p=7374"},"modified":"2022-09-26T11:11:30","modified_gmt":"2022-09-26T14:11:30","slug":"el-instituto-cultural-lanza-el-programa-de-artes-escenicas-y-cultura-cientifica","status":"publish","type":"post","link":"https:\/\/www.visionweb.com.ar\/?p=7374","title":{"rendered":"El Instituto Cultural lanza el Programa de Artes Esc\u00e9nicas y Cultura Cient\u00edfica"},"content":{"rendered":"<p><strong><em>El acto se realizar\u00e1 a las 18:00 en la Plaza Seca del Teatro Argentino. Cerrar\u00e1 con un show de stand up cient\u00edfico. El evento se har\u00e1 en el marco del d\u00eda internacional de la cultura cient\u00edfica.<\/em><\/strong><!--more--><\/p>\n<p><strong><img loading=\"lazy\" decoding=\"async\" class=\"size-medium wp-image-7394 alignright\" src=\"https:\/\/www.visionweb.com.ar\/wp-content\/uploads\/2022\/09\/CUJLTURA-300x214.png\" alt=\"\" width=\"300\" height=\"214\" srcset=\"https:\/\/www.visionweb.com.ar\/wp-content\/uploads\/2022\/09\/CUJLTURA-300x214.png 300w, https:\/\/www.visionweb.com.ar\/wp-content\/uploads\/2022\/09\/CUJLTURA.png 640w\" sizes=\"auto, (max-width: 300px) 100vw, 300px\" \/>E<\/strong>l Instituto Cultural de la provincia de Buenos Aires realizar\u00e1 el 27 de septiembre a las 18:00 en la Plaza Seca del Teatro Argentino (calle 9 y avenida 51, La Plata) la presentaci\u00f3n oficial de la agenda 2022 y 2023 del Programa Bonaerense de Artes Esc\u00e9nicas y Cultura Cient\u00edfica.<\/p>\n<p>El evento, que se realizar\u00e1 en el marco del d\u00eda de la cultura cient\u00edfica (28 de septiembre) ser\u00e1 la presentaci\u00f3n del programa -coordinado por Javier Garcia de Souza y Roxana Arambur\u00fa- que \u201cbusca fortalecer y profesionalizar el sector que promueve la cultura cient\u00edfica mediante el lenguaje de las artes esc\u00e9nicas en el \u00e1mbito de la provincia de Buenos Aires, a trav\u00e9s de talleres de intercambio y formaci\u00f3n y eventos art\u00edsticos\u201d, seg\u00fan expresaron desde el Instituto Cultural que conduce Florencia Saintout.<\/p>\n<p>El acto contar\u00e1 con la participaci\u00f3n de autoridades, talleristas, artistas y de sus coordinadores Roxana Arambur\u00fa y Javier Garcia de Souza. El cierre contar\u00e1 con un show de stand up cient\u00edfico a cargo de Nadia Chiaramoni.<\/p>\n<p>Anteriormente, durante los primeros d\u00edas de julio, se inici\u00f3 el Programa con un primer taller: \u201cPopularizaci\u00f3n de las ciencias a trav\u00e9s del humor\u201d. All\u00ed, lxs facilitadores fueron Roxana Arambur\u00fa, Javier Garcia de Souza y Juliana Saponara. El programa avanz\u00f3 con otros dos talleres de fortalecimiento: \u201cPopularizaci\u00f3n de las ciencias a trav\u00e9s del teatro\u201d, a cargo de Cristian Palacios y \u201cTaller-laboratorio de ense\u00f1anza de la ciencia a trav\u00e9s de juegos teatrales y corporales\u201d, dictado por Jos\u00e9 Gallo. Otros talleres previstos estar\u00e1n vinculados a la danza, la dramaturgia y el teatro de objetos, entre otros.<\/p>\n<p>El programa ser\u00e1 replicado en diferentes localidades de la Provincia y desde comienzos de este a\u00f1o ya ha presentado espect\u00e1culos teatrales, como Escenas de la vida acu\u00e1tica y Mundo Bilina.<\/p>\n<p>Las consultas pueden realizarse a:\u00a0<strong><a href=\"mailto:escenayculturacientifica@gmail.com\" target=\"_blank\" rel=\"noopener noreferrer\">escenayculturacientifica@gmail.com<\/a><\/strong>.<\/p>\n","protected":false},"excerpt":{"rendered":"<p>El acto se realizar\u00e1 a las 18:00 en la Plaza Seca del Teatro Argentino. Cerrar\u00e1 con un show de stand up cient\u00edfico. El evento se har\u00e1 en el marco del d\u00eda internacional de la&#46;&#46;&#46;<\/p>\n","protected":false},"author":3,"featured_media":7394,"comment_status":"closed","ping_status":"closed","sticky":false,"template":"","format":"standard","meta":{"_monsterinsights_skip_tracking":false,"_monsterinsights_sitenote_active":false,"_monsterinsights_sitenote_note":"","_monsterinsights_sitenote_category":0,"footnotes":""},"categories":[7],"tags":[139,3041,3042],"class_list":["post-7374","post","type-post","status-publish","format-standard","has-post-thumbnail","hentry","category-educacion-y-cultura","tag-cultura","tag-plaza-seca","tag-teatro-argentino"],"_links":{"self":[{"href":"https:\/\/www.visionweb.com.ar\/index.php?rest_route=\/wp\/v2\/posts\/7374","targetHints":{"allow":["GET"]}}],"collection":[{"href":"https:\/\/www.visionweb.com.ar\/index.php?rest_route=\/wp\/v2\/posts"}],"about":[{"href":"https:\/\/www.visionweb.com.ar\/index.php?rest_route=\/wp\/v2\/types\/post"}],"author":[{"embeddable":true,"href":"https:\/\/www.visionweb.com.ar\/index.php?rest_route=\/wp\/v2\/users\/3"}],"replies":[{"embeddable":true,"href":"https:\/\/www.visionweb.com.ar\/index.php?rest_route=%2Fwp%2Fv2%2Fcomments&post=7374"}],"version-history":[{"count":1,"href":"https:\/\/www.visionweb.com.ar\/index.php?rest_route=\/wp\/v2\/posts\/7374\/revisions"}],"predecessor-version":[{"id":7395,"href":"https:\/\/www.visionweb.com.ar\/index.php?rest_route=\/wp\/v2\/posts\/7374\/revisions\/7395"}],"wp:featuredmedia":[{"embeddable":true,"href":"https:\/\/www.visionweb.com.ar\/index.php?rest_route=\/wp\/v2\/media\/7394"}],"wp:attachment":[{"href":"https:\/\/www.visionweb.com.ar\/index.php?rest_route=%2Fwp%2Fv2%2Fmedia&parent=7374"}],"wp:term":[{"taxonomy":"category","embeddable":true,"href":"https:\/\/www.visionweb.com.ar\/index.php?rest_route=%2Fwp%2Fv2%2Fcategories&post=7374"},{"taxonomy":"post_tag","embeddable":true,"href":"https:\/\/www.visionweb.com.ar\/index.php?rest_route=%2Fwp%2Fv2%2Ftags&post=7374"}],"curies":[{"name":"wp","href":"https:\/\/api.w.org\/{rel}","templated":true}]}}