{"id":7364,"date":"2022-09-23T08:33:14","date_gmt":"2022-09-23T11:33:14","guid":{"rendered":"https:\/\/www.visionweb.com.ar\/?p=7364"},"modified":"2022-09-23T09:06:19","modified_gmt":"2022-09-23T12:06:19","slug":"derechos-humanos-se-presento-el-informe-de-gestion-de-la-secretaria-del-area","status":"publish","type":"post","link":"https:\/\/www.visionweb.com.ar\/?p=7364","title":{"rendered":"Derechos Humanos: Se present\u00f3 el informe de gesti\u00f3n de la Secretar\u00eda del \u00e1rea"},"content":{"rendered":"<p class=\"mt-3 pb-4\"><em><strong>La presentaci\u00f3n se realiz\u00f3 en el marco de una reuni\u00f3n conjunta de las comisiones de Educaci\u00f3n y Derechos Humanos.<\/strong><\/em><!--more--><\/p>\n<p><strong><img loading=\"lazy\" decoding=\"async\" class=\"size-medium wp-image-7382 alignright\" src=\"https:\/\/www.visionweb.com.ar\/wp-content\/uploads\/2022\/09\/DERECHOS-HUMANOS-GESTION-300x200.png\" alt=\"\" width=\"300\" height=\"200\" srcset=\"https:\/\/www.visionweb.com.ar\/wp-content\/uploads\/2022\/09\/DERECHOS-HUMANOS-GESTION-300x200.png 300w, https:\/\/www.visionweb.com.ar\/wp-content\/uploads\/2022\/09\/DERECHOS-HUMANOS-GESTION-768x513.png 768w, https:\/\/www.visionweb.com.ar\/wp-content\/uploads\/2022\/09\/DERECHOS-HUMANOS-GESTION.png 800w\" sizes=\"auto, (max-width: 300px) 100vw, 300px\" \/>F<\/strong>uncionarios de la Subsecretar\u00eda de Derechos Humanos provincial, encabezados por su titular, Mat\u00edas Moreno participaron y presentaron un informe de gesti\u00f3n en la reuni\u00f3n conjunta de las comisiones de Educaci\u00f3n, presidida por la diputada Fernanda D\u00edaz y Derechos Humanos, presidida por su par Juan Malpeli,<\/p>\n<p>De la jornada participaron tambi\u00e9n de manera mixta todos los legisladores que pertenecen a los cuerpos deliberativos.<\/p>\n<p>La presentaci\u00f3n tuvo como objetivo difundir y promocionar las pol\u00edticas p\u00fablicas que se vienen desarrollando en todo el territorio desde la oficina perteneciente al Ejecutivo provincial, a trav\u00e9s de la Escuela Provincial de Derechos Humanos.<\/p>\n<p>La Escuela, creada durante el comienzo de la pandemia, en el a\u00f1o 2020, tiene como fin construir espacios de encuentro, reflexi\u00f3n y aprendizaje orientados a fortalecer y defender la democracia de manera participativa.<\/p>\n<p>Seg\u00fan explicaron en la presentaci\u00f3n, al d\u00eda de hoy \u201cm\u00e1s de ocho mil bonaerenses fueron capacitados en la Escuela de Derechos Humanos\u201d.<\/p>\n<h3 style=\"text-align: center;\"><span style=\"color: #0000ff;\"><strong><em>El pr\u00f3ximo a\u00f1o se inaugurar\u00e1 el Archivo provincial de la Memoria<\/em><\/strong><\/span><\/h3>\n<p>Tambi\u00e9n se present\u00f3 el programa \u201cFuturo Memoria\u201d destinado a j\u00f3venes de 14 a 21 a\u00f1os, donde a trav\u00e9s de expresiones culturales pueden manifestar diferentes cuestiones que hacen a las ideas de Justicia, Verdad y Derechos Humanos.<\/p>\n<p>Otro de los programas presentados fue \u201cDetectives de Memoria\u201d cuyo objetivo es invitar a estudiantes e instituciones educativas a participar de la realizaci\u00f3n del Registro \u00danico de estudiantes v\u00edctimas de asesinato y\/o desaparici\u00f3n durante el periodo comprendido entre los a\u00f1os 1974 y 1983.<\/p>\n<p>Asimismo, el subsecretario de Derechos Humanos provincial, Mat\u00edas Moreno, anunci\u00f3 que el pr\u00f3ximo a\u00f1o, cuando la democracia cumpla 40 a\u00f1os de vigencia ininterrumpida, se espera inaugurar el Archivo Provincial de la Memoria que funcionar\u00e1 en el ex Destacamento de Inteligencia 101 de la ciudad de La Plata. En este lugar se daban \u00f3rdenes de desaparici\u00f3n y secuestro de personas durante la \u00faltima dictadura c\u00edvico militar.<\/p>\n<p>En este sentido, Moreno asegur\u00f3 que \u201choy el gobierno provincial resignifica ese lugar\u201d. Y agreg\u00f3 que adem\u00e1s \u201cpresentamos el proyecto para que el Archivo Provincial de la Memoria sea creado por ley. Ya que, m\u00e1s all\u00e1 de los diferentes gobiernos, se transforme en una pol\u00edtica de Estado la construcci\u00f3n de la memoria colectiva tan necesaria en este momento para revitalizar consensos democr\u00e1ticos\u201d<strong>(VW)<\/strong>.<\/p>\n","protected":false},"excerpt":{"rendered":"<p>La presentaci\u00f3n se realiz\u00f3 en el marco de una reuni\u00f3n conjunta de las comisiones de Educaci\u00f3n y Derechos Humanos.<\/p>\n","protected":false},"author":3,"featured_media":7382,"comment_status":"closed","ping_status":"closed","sticky":false,"template":"","format":"standard","meta":{"_monsterinsights_skip_tracking":false,"_monsterinsights_sitenote_active":false,"_monsterinsights_sitenote_note":"","_monsterinsights_sitenote_category":0,"footnotes":""},"categories":[4],"tags":[3032,143,122,1786],"class_list":["post-7364","post","type-post","status-publish","format-standard","has-post-thumbnail","hentry","category-politica","tag-derechos-humanos","tag-diputados","tag-informe","tag-presentacion"],"_links":{"self":[{"href":"https:\/\/www.visionweb.com.ar\/index.php?rest_route=\/wp\/v2\/posts\/7364","targetHints":{"allow":["GET"]}}],"collection":[{"href":"https:\/\/www.visionweb.com.ar\/index.php?rest_route=\/wp\/v2\/posts"}],"about":[{"href":"https:\/\/www.visionweb.com.ar\/index.php?rest_route=\/wp\/v2\/types\/post"}],"author":[{"embeddable":true,"href":"https:\/\/www.visionweb.com.ar\/index.php?rest_route=\/wp\/v2\/users\/3"}],"replies":[{"embeddable":true,"href":"https:\/\/www.visionweb.com.ar\/index.php?rest_route=%2Fwp%2Fv2%2Fcomments&post=7364"}],"version-history":[{"count":3,"href":"https:\/\/www.visionweb.com.ar\/index.php?rest_route=\/wp\/v2\/posts\/7364\/revisions"}],"predecessor-version":[{"id":7384,"href":"https:\/\/www.visionweb.com.ar\/index.php?rest_route=\/wp\/v2\/posts\/7364\/revisions\/7384"}],"wp:featuredmedia":[{"embeddable":true,"href":"https:\/\/www.visionweb.com.ar\/index.php?rest_route=\/wp\/v2\/media\/7382"}],"wp:attachment":[{"href":"https:\/\/www.visionweb.com.ar\/index.php?rest_route=%2Fwp%2Fv2%2Fmedia&parent=7364"}],"wp:term":[{"taxonomy":"category","embeddable":true,"href":"https:\/\/www.visionweb.com.ar\/index.php?rest_route=%2Fwp%2Fv2%2Fcategories&post=7364"},{"taxonomy":"post_tag","embeddable":true,"href":"https:\/\/www.visionweb.com.ar\/index.php?rest_route=%2Fwp%2Fv2%2Ftags&post=7364"}],"curies":[{"name":"wp","href":"https:\/\/api.w.org\/{rel}","templated":true}]}}