{"id":7330,"date":"2022-09-21T11:37:19","date_gmt":"2022-09-21T14:37:19","guid":{"rendered":"https:\/\/www.visionweb.com.ar\/?p=7330"},"modified":"2022-09-21T11:37:19","modified_gmt":"2022-09-21T14:37:19","slug":"argentina-ya-no-es-obligatorio-el-uso-del-barbijo","status":"publish","type":"post","link":"https:\/\/www.visionweb.com.ar\/?p=7330","title":{"rendered":"Argentina: Ya no es obligatorio el uso del barbijo"},"content":{"rendered":"<p><em><strong>Salud le puso fin a su utilizaci\u00f3n en transportes p\u00fablicos y espacios cerrados. Cada jurisdicci\u00f3n podr\u00e1 decidir si adhiere o no.<\/strong><\/em><!--more--><\/p>\n<p><strong><img loading=\"lazy\" decoding=\"async\" class=\"size-medium wp-image-7334 alignright\" src=\"https:\/\/www.visionweb.com.ar\/wp-content\/uploads\/2022\/09\/baribijo-tren-300x264.jpg\" alt=\"\" width=\"300\" height=\"264\" srcset=\"https:\/\/www.visionweb.com.ar\/wp-content\/uploads\/2022\/09\/baribijo-tren-300x264.jpg 300w, https:\/\/www.visionweb.com.ar\/wp-content\/uploads\/2022\/09\/baribijo-tren.jpg 632w\" sizes=\"auto, (max-width: 300px) 100vw, 300px\" \/>E<\/strong>l Ministerio de Salud declar\u00f3 este mi\u00e9rcoles<strong> la no obligatoriedad del uso del barbijo en la Argentina, <\/strong>aunque recomend\u00f3 seguir utiliz\u00e1ndolo en espacios cerrados, en centros educativos y en el transporte p\u00fablico. Asimismo, se aclar\u00f3 que\u00a0<strong>cada jurisdicci\u00f3n tendr\u00e1 autonom\u00eda<\/strong>\u00a0y podr\u00e1 decidir qu\u00e9 hacer frente a su situaci\u00f3n epidemiol\u00f3gica particular.<\/p>\n<p>La medida, dada a conocer en las primeras horas de hoy a trav\u00e9s de la resoluci\u00f3n 1849\/2022 publicada en el Bolet\u00edn Oficial con la firma de\u00a0Carla Vizzotti, titular del Ministerio de Salud de la Naci\u00f3n, tiene lugar a dos a\u00f1os y medio del comienzo del aislamiento social, preventivo y obligatorio (ASPO) declarado por el Gobierno nacional para paliar los efectos de la pandemia de Covid-19.<\/p>\n<p>El Ministerio especific\u00f3\u00a0que \u00abel impacto de Covid-19 en 2022 se da en el marco de una poblaci\u00f3n con\u00a0altas coberturas de vacunaci\u00f3n\u00bb, que \u00ab<strong>ha logrado disminuir de manera considerable la incidencia de enfermedad grave y la mortalidad<\/strong>\u00ab.<\/p>\n<p>Sobre la aplicabilidad de estas medidas, la resoluci\u00f3n se\u00f1ala:\u00a0\u201c<strong>cada jurisdicci\u00f3n podr\u00e1 adoptar las recomendaciones pertinentes<\/strong> en funci\u00f3n de su situaci\u00f3n epidemiol\u00f3gica particular y la estrategia sanitaria planificada\u201d.<\/p>\n<p>Por otro lado, en el documento se remarc\u00f3\u00a0que \u00abactualmente, luego de un nuevo per\u00edodo de aumento, de menor envergadura que los anteriores, se evidencia un\u00a0<strong>per\u00edodo de descenso sostenido de casos<\/strong>\u00ab.<\/p>\n<p>Entre las \u201cmedidas de prevenci\u00f3n general\u201d se sugiere \u201casegurar la ventilaci\u00f3n de los ambientes; mantener la higiene adecuada y frecuente de manos; ante la presencia de s\u00edntomas evitar el contacto con otras personas, no acudir a actividades laborales, sociales, educativas, lugares p\u00fablicos y evitar el uso de transporte\u201d.<strong> (VW)<\/strong><\/p>\n<p>&nbsp;<\/p>\n<p>&nbsp;<\/p>\n","protected":false},"excerpt":{"rendered":"<p>Salud le puso fin a su utilizaci\u00f3n en transportes p\u00fablicos y espacios cerrados. Cada jurisdicci\u00f3n podr\u00e1 decidir si adhiere o no.<\/p>\n","protected":false},"author":4,"featured_media":7334,"comment_status":"closed","ping_status":"closed","sticky":false,"template":"","format":"standard","meta":{"_monsterinsights_skip_tracking":false,"_monsterinsights_sitenote_active":false,"_monsterinsights_sitenote_note":"","_monsterinsights_sitenote_category":0,"footnotes":""},"categories":[3],"tags":[1392,367,100,3021,448],"class_list":["post-7330","post","type-post","status-publish","format-standard","has-post-thumbnail","hentry","category-actualidad","tag-barbijo","tag-covid","tag-salud","tag-uso-no-obligatorio","tag-vizzotti"],"_links":{"self":[{"href":"https:\/\/www.visionweb.com.ar\/index.php?rest_route=\/wp\/v2\/posts\/7330","targetHints":{"allow":["GET"]}}],"collection":[{"href":"https:\/\/www.visionweb.com.ar\/index.php?rest_route=\/wp\/v2\/posts"}],"about":[{"href":"https:\/\/www.visionweb.com.ar\/index.php?rest_route=\/wp\/v2\/types\/post"}],"author":[{"embeddable":true,"href":"https:\/\/www.visionweb.com.ar\/index.php?rest_route=\/wp\/v2\/users\/4"}],"replies":[{"embeddable":true,"href":"https:\/\/www.visionweb.com.ar\/index.php?rest_route=%2Fwp%2Fv2%2Fcomments&post=7330"}],"version-history":[{"count":2,"href":"https:\/\/www.visionweb.com.ar\/index.php?rest_route=\/wp\/v2\/posts\/7330\/revisions"}],"predecessor-version":[{"id":7335,"href":"https:\/\/www.visionweb.com.ar\/index.php?rest_route=\/wp\/v2\/posts\/7330\/revisions\/7335"}],"wp:featuredmedia":[{"embeddable":true,"href":"https:\/\/www.visionweb.com.ar\/index.php?rest_route=\/wp\/v2\/media\/7334"}],"wp:attachment":[{"href":"https:\/\/www.visionweb.com.ar\/index.php?rest_route=%2Fwp%2Fv2%2Fmedia&parent=7330"}],"wp:term":[{"taxonomy":"category","embeddable":true,"href":"https:\/\/www.visionweb.com.ar\/index.php?rest_route=%2Fwp%2Fv2%2Fcategories&post=7330"},{"taxonomy":"post_tag","embeddable":true,"href":"https:\/\/www.visionweb.com.ar\/index.php?rest_route=%2Fwp%2Fv2%2Ftags&post=7330"}],"curies":[{"name":"wp","href":"https:\/\/api.w.org\/{rel}","templated":true}]}}