{"id":7320,"date":"2022-09-20T15:05:24","date_gmt":"2022-09-20T18:05:24","guid":{"rendered":"https:\/\/www.visionweb.com.ar\/?p=7320"},"modified":"2022-09-20T15:05:24","modified_gmt":"2022-09-20T18:05:24","slug":"lanus-estudiantes-de-escuelas-tecnicas-disenaran-sus-autos-electricos-y-participaran-de-una-carrera","status":"publish","type":"post","link":"https:\/\/www.visionweb.com.ar\/?p=7320","title":{"rendered":"Lan\u00fas: Estudiantes de escuelas t\u00e9cnicas dise\u00f1ar\u00e1n sus autos el\u00e9ctricos y participar\u00e1n de una carrera"},"content":{"rendered":"<p><em><strong>Ser\u00e1 en diciembre en Bariloche, mientras los estudiantes deber\u00e1n preparar sus veh\u00edculos. <\/strong><\/em><strong><em>Diego Kravetz y Dami\u00e1n Sala entregaron los kits para este \u201cDesaf\u00edo YPF 2022\u201d.<\/em><\/strong><\/p>\n<p><!--more--><\/p>\n<p><strong><img loading=\"lazy\" decoding=\"async\" class=\"size-medium wp-image-7322 aligncenter\" src=\"https:\/\/www.visionweb.com.ar\/wp-content\/uploads\/2022\/09\/lanus-eco-ypf-300x131.jpg\" alt=\"\" width=\"300\" height=\"131\" srcset=\"https:\/\/www.visionweb.com.ar\/wp-content\/uploads\/2022\/09\/lanus-eco-ypf-300x131.jpg 300w, https:\/\/www.visionweb.com.ar\/wp-content\/uploads\/2022\/09\/lanus-eco-ypf.jpg 700w\" sizes=\"auto, (max-width: 300px) 100vw, 300px\" \/>E<\/strong>l jefe de Gabinete Diego Kravetz y el\u00a0secretario de Educaci\u00f3n, Empleo y Deportes, Dami\u00e1n Sala participaron de la entrega de los elementos necesarios y estipulados por reglamento YPF para el armado de autos de carrera que realizar\u00e1n\u00a0las escuelas\u00a0t\u00e9cnicas participantes.<\/p>\n<p>El Desaf\u00edo Eco YPF, es una <strong>carrera \u00fanica con autos el\u00e9ctricos<\/strong>\u00a0de emisi\u00f3n CERO, <strong>dise\u00f1ados por estudiantes<\/strong> de escuelas t\u00e9cnicas de la Argentina, cuyo objetivo es coronar el trabajo acad\u00e9mico con una competencia, conforme indic\u00f3 Prensa de Lan\u00fas.<\/p>\n<p>El 20 de Octubre se llevar\u00e1 a cabo la primera prueba de los autos en el Vel\u00f3dromo de Lan\u00fas. El 24 de noviembre se realizar\u00e1, en el mismo lugar, la puesta a punto de los autos para la carrera que se desarrollar\u00e1 en <strong>San Carlos de Bariloche los d\u00edas 2, 3 y 4 de diciembre<\/strong> del corriente a\u00f1o.<\/p>\n<p>El Municipio, desde el a\u00f1o 2018, participa de esta experiencia, y en esta ocasi\u00f3n, inscribi\u00f3 a las escuelas t\u00e9cnicas con orientaci\u00f3n electromec\u00e1nica para que tengan la posibilidad de experimentar, desde el material concreto, nuevos conocimientos que les servir\u00e1n para seguir investigando y perfeccion\u00e1ndose en el rubro.<\/p>\n<p>Este a\u00f1o las escuelas que participan son: EEST N\u00b04, EEST N\u00b05, EEST N\u00b06, EEST N\u00b08, y EEST N\u00b01, que recibieron un kit con los siguientes elementos: 1 cintur\u00f3n de seguridad, 1 llave de corte de corriente, 4 masas de ruedas, 4 llantas, 1 set de rayos con niples para las llantas, 1 luz trasera, 1 cadena, 2 discos y caliper de freno, 2 manijas de freno, 1 veloc\u00edmetro, 1 motor el\u00e9ctrico, 1 pu\u00f1o acelerador, 1 caja controladora y 4 bater\u00eda.<\/p>\n<p>Cada escuela participa con un equipo de 8 alumnos, a quienes se les suman docentes y autoridades. Los autos expuestos en el Hall Municipal fueron los armados para la edici\u00f3n 2021, los cuales compitieron en la carrera de final que se desarroll\u00f3 en el Aut\u00f3dromo de Buenos Aires en diciembre pasado.<\/p>\n<p>Dicha competencia promueve la creatividad, aplicaci\u00f3n de conocimiento y el trabajo en equipo, en donde su objetivo final,\u00a0junto al seguimiento y acompa\u00f1amiento de los profesores, ser\u00e1 construir el auto el\u00e9ctrico para poder competir a nivel\u00a0nacional.<\/p>\n<p>Mediante esta actividad, el Municipio reafirma su apoyo en el avance de las nuevas tecnolog\u00edas y la transformaci\u00f3n que estas realizan en el mundo laboral, al tiempo que promueve la participaci\u00f3n de los estudiantes en un evento de creatividad e ingenio.<\/p>\n<p>Participaron del evento\u00a0el subsecretario de Industrias Creativas, Alejandro Falc\u00f3n, el presidente del Consejo Escolar de Lan\u00fas, Gustavo Lavezzi, entre otras autoridades. <strong>(VW)<\/strong><\/p>\n<p>&nbsp;<\/p>\n","protected":false},"excerpt":{"rendered":"<p>Ser\u00e1 en diciembre en Bariloche, mientras los estudiantes deber\u00e1n preparar sus veh\u00edculos. Diego Kravetz y Dami\u00e1n Sala entregaron los kits para este \u201cDesaf\u00edo YPF 2022\u201d.<\/p>\n","protected":false},"author":4,"featured_media":7322,"comment_status":"closed","ping_status":"closed","sticky":false,"template":"","format":"standard","meta":{"_monsterinsights_skip_tracking":false,"_monsterinsights_sitenote_active":false,"_monsterinsights_sitenote_note":"","_monsterinsights_sitenote_category":0,"footnotes":""},"categories":[7,8],"tags":[1186,1184,3017,241,19,709],"class_list":["post-7320","post","type-post","status-publish","format-standard","has-post-thumbnail","hentry","category-educacion-y-cultura","category-interes-general","tag-desafio-eco-ypf","tag-escuelas-tecnicas","tag-kits","tag-kravetz","tag-lanus","tag-sala"],"_links":{"self":[{"href":"https:\/\/www.visionweb.com.ar\/index.php?rest_route=\/wp\/v2\/posts\/7320","targetHints":{"allow":["GET"]}}],"collection":[{"href":"https:\/\/www.visionweb.com.ar\/index.php?rest_route=\/wp\/v2\/posts"}],"about":[{"href":"https:\/\/www.visionweb.com.ar\/index.php?rest_route=\/wp\/v2\/types\/post"}],"author":[{"embeddable":true,"href":"https:\/\/www.visionweb.com.ar\/index.php?rest_route=\/wp\/v2\/users\/4"}],"replies":[{"embeddable":true,"href":"https:\/\/www.visionweb.com.ar\/index.php?rest_route=%2Fwp%2Fv2%2Fcomments&post=7320"}],"version-history":[{"count":2,"href":"https:\/\/www.visionweb.com.ar\/index.php?rest_route=\/wp\/v2\/posts\/7320\/revisions"}],"predecessor-version":[{"id":7323,"href":"https:\/\/www.visionweb.com.ar\/index.php?rest_route=\/wp\/v2\/posts\/7320\/revisions\/7323"}],"wp:featuredmedia":[{"embeddable":true,"href":"https:\/\/www.visionweb.com.ar\/index.php?rest_route=\/wp\/v2\/media\/7322"}],"wp:attachment":[{"href":"https:\/\/www.visionweb.com.ar\/index.php?rest_route=%2Fwp%2Fv2%2Fmedia&parent=7320"}],"wp:term":[{"taxonomy":"category","embeddable":true,"href":"https:\/\/www.visionweb.com.ar\/index.php?rest_route=%2Fwp%2Fv2%2Fcategories&post=7320"},{"taxonomy":"post_tag","embeddable":true,"href":"https:\/\/www.visionweb.com.ar\/index.php?rest_route=%2Fwp%2Fv2%2Ftags&post=7320"}],"curies":[{"name":"wp","href":"https:\/\/api.w.org\/{rel}","templated":true}]}}