{"id":7315,"date":"2022-09-20T14:33:55","date_gmt":"2022-09-20T17:33:55","guid":{"rendered":"https:\/\/www.visionweb.com.ar\/?p=7315"},"modified":"2022-09-20T14:33:55","modified_gmt":"2022-09-20T17:33:55","slug":"seguridad-abrieron-dos-nuevas-bases-de-fuerzas-especiales-en-almirante-brown","status":"publish","type":"post","link":"https:\/\/www.visionweb.com.ar\/?p=7315","title":{"rendered":"Seguridad: Abrieron dos nuevas bases de fuerzas especiales en\u00a0Almirante Brown"},"content":{"rendered":"<p><em><strong>Sergio Berni encabez\u00f3 la apertura de nuevas bases operativas: una sede de Unidad T\u00e1ctica y un grupo de prevenci\u00f3n motorizado.<\/strong><\/em>\u00a0 \u00a0 \u00a0 \u00a0 \u00a0 \u00a0 \u00a0 \u00a0 \u00a0<!--more--><\/p>\n<p><strong><img loading=\"lazy\" decoding=\"async\" class=\"size-medium wp-image-7317 alignright\" src=\"https:\/\/www.visionweb.com.ar\/wp-content\/uploads\/2022\/09\/berni-y-cascallares-300x191.jpg\" alt=\"\" width=\"300\" height=\"191\" srcset=\"https:\/\/www.visionweb.com.ar\/wp-content\/uploads\/2022\/09\/berni-y-cascallares-300x191.jpg 300w, https:\/\/www.visionweb.com.ar\/wp-content\/uploads\/2022\/09\/berni-y-cascallares.jpg 598w\" sizes=\"auto, (max-width: 300px) 100vw, 300px\" \/>E<\/strong>l ministro de Seguridad de la provincia de Buenos Aires, Sergio Berni,<strong>\u00a0<\/strong> junto a Mariano Cascallares y al Intendente Interino Juan Fabiani,<strong> pusieron en funciones dos nuevas bases de fuerzas especiales<\/strong>, que comenzaron a operar en Almirante Brown<strong>.<\/strong><em>\u00a0<\/em>Se trata de la sede de la <strong>Unidad T\u00e1ctica<\/strong><strong> de Operaciones inmediatas<\/strong> (UTOI) y el <strong>Grupo de Prevenci\u00f3n Motorizado<\/strong> (GPM).<\/p>\n<p><strong>La nueva base de la UTOI, <\/strong>ubicada en Jorge y Balboa en el l\u00edmite entre San Jos\u00e9 y Rafael Calzada fue acondicionada para que funcione como<strong> unidad preventiva de r\u00e1pida acci\u00f3n.<\/strong><\/p>\n<p>Se trata de una fuerza que surgi\u00f3 en el marco de la planificaci\u00f3n estrat\u00e9gica del Ministerio de Seguridad para desarrollar acciones t\u00e1cticas operativas, para la prevenci\u00f3n de hechos delictivos y contravencionales.<\/p>\n<p>En ese sentido, sus funciones inmediatas incluyen conducir y coordinar el personal para cumplir con metas, acciones y tareas ordenadas e implementar y coordinar las actividades operativas en apoyo de las fuerzas de seguridad provinciales.<\/p>\n<p>Los funcionarios tambi\u00e9n recorrieron los controles preventivos que realiza Gendarmer\u00eda Nacional en el distrito y evaluaron juntos el mapa del delito de la regi\u00f3n.<\/p>\n<p>Posteriormente,\u00a0las autoridades se trasladaron hasta la nueva base del <strong>Grupo de Prevenci\u00f3n Motorizado <\/strong>en Don Orione, puntualmente en J. Dufau N\u00b0 555. Se trata de una fuerza especial de patrullaje motorizado para prevenir el delito y faltas en general.<\/p>\n<p>En esa l\u00ednea, Cascallares, se\u00f1al\u00f3:\u00a0<strong>\u201cEstas dos bases significan reforzar, con efectivos y equipamiento de primer nivel, la seguridad en distintas zonas de Almirante Brown en articulaci\u00f3n con la Polic\u00eda Bonaerense\u201d<\/strong>.<\/p>\n<p><img loading=\"lazy\" decoding=\"async\" class=\"size-medium wp-image-7318 alignleft\" src=\"https:\/\/www.visionweb.com.ar\/wp-content\/uploads\/2022\/09\/alte-brown-fuerzas-especiales-300x172.jpg\" alt=\"\" width=\"300\" height=\"172\" srcset=\"https:\/\/www.visionweb.com.ar\/wp-content\/uploads\/2022\/09\/alte-brown-fuerzas-especiales-300x172.jpg 300w, https:\/\/www.visionweb.com.ar\/wp-content\/uploads\/2022\/09\/alte-brown-fuerzas-especiales.jpg 647w\" sizes=\"auto, (max-width: 300px) 100vw, 300px\" \/>Fabiani, por su parte, remarc\u00f3 el trabajo articulado con el Ministerio de Seguridad provincial, al tiempo que enumer\u00f3 las distintas medidas preventivas llevadas adelante por la Comuna, como las <strong>c\u00e1maras de seguridad<\/strong> desde el centro de monitoreo en barrios y l\u00edneas de colectivos, las <strong>alarmas comunitarias, los t\u00f3tems, las paradas seguras y los corredores escolares seguros<\/strong>, entre otras m\u00e1s.<\/p>\n<p>De la jornada, participaron tambi\u00e9n el jefe de Gabinete del Ministerio de Seguridad bonaerense, Carlos Monta\u00f1a; la secretaria de Prevenci\u00f3n y Seguridad Ciudadana de Almirante Brown, Paula Eichel; el presidente de la Comisi\u00f3n de Seguridad, Tr\u00e1nsito y Transporte del Concejo Deliberante, Mart\u00edn Borsetti, y los delegados Jos\u00e9 Cant\u00f3 (Rafael Calzada), Humberto Morelli (San Jos\u00e9) y Mabel Klehb (San Francisco de As\u00eds), entre otras autoridades. <strong>(VW)<\/strong><\/p>\n<p>&nbsp;<\/p>\n","protected":false},"excerpt":{"rendered":"<p>Sergio Berni encabez\u00f3 la apertura de nuevas bases operativas: una sede de Unidad T\u00e1ctica y un grupo de prevenci\u00f3n motorizado.\u00a0 \u00a0 \u00a0 \u00a0 \u00a0 \u00a0 \u00a0 \u00a0 \u00a0<\/p>\n","protected":false},"author":4,"featured_media":7318,"comment_status":"closed","ping_status":"closed","sticky":false,"template":"","format":"standard","meta":{"_monsterinsights_skip_tracking":false,"_monsterinsights_sitenote_active":false,"_monsterinsights_sitenote_note":"","_monsterinsights_sitenote_category":0,"footnotes":""},"categories":[3],"tags":[658,3014,3016,529,3013,3015],"class_list":["post-7315","post","type-post","status-publish","format-standard","has-post-thumbnail","hentry","category-actualidad","tag-almirante-brown","tag-fuerzas-especiales","tag-gpm","tag-seguridad","tag-sergio-berni","tag-utoi"],"_links":{"self":[{"href":"https:\/\/www.visionweb.com.ar\/index.php?rest_route=\/wp\/v2\/posts\/7315","targetHints":{"allow":["GET"]}}],"collection":[{"href":"https:\/\/www.visionweb.com.ar\/index.php?rest_route=\/wp\/v2\/posts"}],"about":[{"href":"https:\/\/www.visionweb.com.ar\/index.php?rest_route=\/wp\/v2\/types\/post"}],"author":[{"embeddable":true,"href":"https:\/\/www.visionweb.com.ar\/index.php?rest_route=\/wp\/v2\/users\/4"}],"replies":[{"embeddable":true,"href":"https:\/\/www.visionweb.com.ar\/index.php?rest_route=%2Fwp%2Fv2%2Fcomments&post=7315"}],"version-history":[{"count":2,"href":"https:\/\/www.visionweb.com.ar\/index.php?rest_route=\/wp\/v2\/posts\/7315\/revisions"}],"predecessor-version":[{"id":7319,"href":"https:\/\/www.visionweb.com.ar\/index.php?rest_route=\/wp\/v2\/posts\/7315\/revisions\/7319"}],"wp:featuredmedia":[{"embeddable":true,"href":"https:\/\/www.visionweb.com.ar\/index.php?rest_route=\/wp\/v2\/media\/7318"}],"wp:attachment":[{"href":"https:\/\/www.visionweb.com.ar\/index.php?rest_route=%2Fwp%2Fv2%2Fmedia&parent=7315"}],"wp:term":[{"taxonomy":"category","embeddable":true,"href":"https:\/\/www.visionweb.com.ar\/index.php?rest_route=%2Fwp%2Fv2%2Fcategories&post=7315"},{"taxonomy":"post_tag","embeddable":true,"href":"https:\/\/www.visionweb.com.ar\/index.php?rest_route=%2Fwp%2Fv2%2Ftags&post=7315"}],"curies":[{"name":"wp","href":"https:\/\/api.w.org\/{rel}","templated":true}]}}