{"id":7302,"date":"2022-09-20T11:11:52","date_gmt":"2022-09-20T14:11:52","guid":{"rendered":"https:\/\/www.visionweb.com.ar\/?p=7302"},"modified":"2022-09-20T11:11:52","modified_gmt":"2022-09-20T14:11:52","slug":"entregan-arboles-a-municipios-bonaerenses-para-promover-el-desarrollo-de-bosques-urbanos","status":"publish","type":"post","link":"https:\/\/www.visionweb.com.ar\/?p=7302","title":{"rendered":"Entregan \u00e1rboles a municipios bonaerenses para promover el desarrollo de bosques urbanos"},"content":{"rendered":"<p><em><strong>La iniciativa se lleva adelante en el marco del programa de apoyo a la gesti\u00f3n sostenible que lleva adelante el Ministerio de Desarrollo Agrario.<\/strong><\/em><!--more--><\/p>\n<p><strong><img loading=\"lazy\" decoding=\"async\" class=\"size-medium wp-image-7303 alignright\" src=\"https:\/\/www.visionweb.com.ar\/wp-content\/uploads\/2022\/09\/ENTREGA-DE-ARBOLES-Y-PLANTINES-MDA-300x200.png\" alt=\"\" width=\"300\" height=\"200\" srcset=\"https:\/\/www.visionweb.com.ar\/wp-content\/uploads\/2022\/09\/ENTREGA-DE-ARBOLES-Y-PLANTINES-MDA-300x200.png 300w, https:\/\/www.visionweb.com.ar\/wp-content\/uploads\/2022\/09\/ENTREGA-DE-ARBOLES-Y-PLANTINES-MDA-768x512.png 768w, https:\/\/www.visionweb.com.ar\/wp-content\/uploads\/2022\/09\/ENTREGA-DE-ARBOLES-Y-PLANTINES-MDA.png 800w\" sizes=\"auto, (max-width: 300px) 100vw, 300px\" \/>M<\/strong>\u00e1s de 1.700 ejemplares de \u00e1rboles fueron entregados a municipios y escuelas bonaerenses por el Ministerio de Desarrollo Agrario bonaerense, con el fin de promover el desarrollo de bosques urbanos.<\/p>\n<p>\u201cConservar y promover el desarrollo de nuestros bosques urbanos es fundamental para el cuidado del medio ambiente. Por eso, desde el Estado provincial desarrollamos pol\u00edticas y acciones espec\u00edficas para trabajar junto a los municipios y a distintos actores locales en esta tarea\u201d, destac\u00f3 el ministro Javier Rodr\u00edguez.<\/p>\n<p>En el marco del Programa de Apoyo a la Gesti\u00f3n Sostenible de Bosques Urbanos que lleva adelante el MDA, el ministro encabez\u00f3, en la Estaci\u00f3n Hidrobiol\u00f3gica de Chascom\u00fas, la entrega de m\u00e1s de 1.700 ejemplares de \u00e1rboles a escuelas, centros juveniles, clubes barriales y municipios bonaerenses como parte del Programa de Apoyo a la Gesti\u00f3n Sostenible de Bosques Urbanos, seg\u00fan se inform\u00f3.<\/p>\n<p>\u201cDesde el comienzo de nuestra gesti\u00f3n nos propusimos darle un nuevo significado y mayor relevancia a la actividad forestal y al desarrollo sostenible en la provincia de Buenos Aires, y lo estamos haciendo a partir de la articulaci\u00f3n con los 135 distritos\u201d, a\u00f1adi\u00f3.<\/p>\n<p>La cartera provincial precis\u00f3 en un comunicado que se entregaron un total de 1.780 arbustos y estacas de diversos ejemplares de \u00e1rboles (Casuarinas, Jacarand\u00e1, Robles, Fresnos Rojos, Catalpas, Pezu\u00f1as de Vaca y Acer Buergerianum) a la Escuela Agropecuaria de General Madariaga; el Centro de Educaci\u00f3n Agraria de Lezama; la Escuela de Educaci\u00f3n Agraria N\u00b01 y el Centro Juvenil de la CTA de Chascom\u00fas.<\/p>\n<p><img loading=\"lazy\" decoding=\"async\" class=\"size-medium wp-image-7304 alignleft\" src=\"https:\/\/www.visionweb.com.ar\/wp-content\/uploads\/2022\/09\/foresta-uno-300x200.png\" alt=\"\" width=\"300\" height=\"200\" srcset=\"https:\/\/www.visionweb.com.ar\/wp-content\/uploads\/2022\/09\/foresta-uno-300x200.png 300w, https:\/\/www.visionweb.com.ar\/wp-content\/uploads\/2022\/09\/foresta-uno-768x512.png 768w, https:\/\/www.visionweb.com.ar\/wp-content\/uploads\/2022\/09\/foresta-uno.png 800w\" sizes=\"auto, (max-width: 300px) 100vw, 300px\" \/>Tambi\u00e9n recibieron plantas la Escuela CEPT \u201cRoberto Payro\u201d n\u00b0 29 de Magdalena; un Centro Juvenil y una Escuela de General Rodriguez; Escuelas y el Centro Juvenil de la CTA de Maip\u00fa; la Escuela de Educaci\u00f3n Secundaria Agraria N\u00b01 y clubes de f\u00fatbol de Dolores; y a los municipios de General Guido, Rauch y Mar Chiquita, como tambi\u00e9n se entregaron plantas y plantines al CEP 28 de General Guido y el CEP 5 de Rauch.<\/p>\n<p>La entrega forma parte del programa que, a su vez, involucra la participaci\u00f3n de los gobiernos municipales y otros actores locales como escuelas, centros de formaci\u00f3n y asociaciones civiles en la planificaci\u00f3n y promoci\u00f3n de la plantaci\u00f3n y el mantenimiento de especies arb\u00f3reas y arbustivas<strong>(VW)<\/strong>.<\/p>\n","protected":false},"excerpt":{"rendered":"<p>La iniciativa se lleva adelante en el marco del programa de apoyo a la gesti\u00f3n sostenible que lleva adelante el Ministerio de Desarrollo Agrario.<\/p>\n","protected":false},"author":3,"featured_media":7303,"comment_status":"closed","ping_status":"closed","sticky":false,"template":"","format":"standard","meta":{"_monsterinsights_skip_tracking":false,"_monsterinsights_sitenote_active":false,"_monsterinsights_sitenote_note":"","_monsterinsights_sitenote_category":0,"footnotes":""},"categories":[5],"tags":[922,3007,3008,3006],"class_list":["post-7302","post","type-post","status-publish","format-standard","has-post-thumbnail","hentry","category-sociedad","tag-arboles","tag-estacas","tag-mda","tag-plantines"],"_links":{"self":[{"href":"https:\/\/www.visionweb.com.ar\/index.php?rest_route=\/wp\/v2\/posts\/7302","targetHints":{"allow":["GET"]}}],"collection":[{"href":"https:\/\/www.visionweb.com.ar\/index.php?rest_route=\/wp\/v2\/posts"}],"about":[{"href":"https:\/\/www.visionweb.com.ar\/index.php?rest_route=\/wp\/v2\/types\/post"}],"author":[{"embeddable":true,"href":"https:\/\/www.visionweb.com.ar\/index.php?rest_route=\/wp\/v2\/users\/3"}],"replies":[{"embeddable":true,"href":"https:\/\/www.visionweb.com.ar\/index.php?rest_route=%2Fwp%2Fv2%2Fcomments&post=7302"}],"version-history":[{"count":1,"href":"https:\/\/www.visionweb.com.ar\/index.php?rest_route=\/wp\/v2\/posts\/7302\/revisions"}],"predecessor-version":[{"id":7305,"href":"https:\/\/www.visionweb.com.ar\/index.php?rest_route=\/wp\/v2\/posts\/7302\/revisions\/7305"}],"wp:featuredmedia":[{"embeddable":true,"href":"https:\/\/www.visionweb.com.ar\/index.php?rest_route=\/wp\/v2\/media\/7303"}],"wp:attachment":[{"href":"https:\/\/www.visionweb.com.ar\/index.php?rest_route=%2Fwp%2Fv2%2Fmedia&parent=7302"}],"wp:term":[{"taxonomy":"category","embeddable":true,"href":"https:\/\/www.visionweb.com.ar\/index.php?rest_route=%2Fwp%2Fv2%2Fcategories&post=7302"},{"taxonomy":"post_tag","embeddable":true,"href":"https:\/\/www.visionweb.com.ar\/index.php?rest_route=%2Fwp%2Fv2%2Ftags&post=7302"}],"curies":[{"name":"wp","href":"https:\/\/api.w.org\/{rel}","templated":true}]}}