{"id":7300,"date":"2022-09-20T10:44:34","date_gmt":"2022-09-20T13:44:34","guid":{"rendered":"https:\/\/www.visionweb.com.ar\/?p=7300"},"modified":"2022-09-20T10:45:16","modified_gmt":"2022-09-20T13:45:16","slug":"el-gobierno-extiende-por-60-dias-acuerdo-de-precios-para-medicamentos","status":"publish","type":"post","link":"https:\/\/www.visionweb.com.ar\/?p=7300","title":{"rendered":"El Gobierno extiende por 60 d\u00edas acuerdo de precios para medicamentos"},"content":{"rendered":"<p><strong><em>El acuerdo tendr\u00e1 vigencia hasta el 18 de noviembre e incluir\u00e1 a todos los medicamentos que se comercializan a trav\u00e9s de farmacias, incluidos los de venta libre.<\/em><\/strong><!--more--><\/p>\n<p><strong>\u00a0 \u00a0 <img loading=\"lazy\" decoding=\"async\" class=\"size-full wp-image-6482 alignright\" src=\"https:\/\/www.visionweb.com.ar\/wp-content\/uploads\/2022\/07\/medicamentos.bmp\" alt=\"\" width=\"535\" height=\"378\" \/>\u00a0E<\/strong>n el marco del trabajo articulado para favorecer el acceso de la poblaci\u00f3n a los medicamentos, el Gobierno nacional y representantes del sector farmac\u00e9utico prorrogaron por 60 d\u00edas el acuerdo por el cual los medicamentos mantendr\u00e1n una trayectoria predecible de los precios y tendr\u00e1n un aumento m\u00e1ximo de hasta un punto por debajo del \u00edndice de precios al consumidor (IPC) nivel general del mes anterior.<\/p>\n<p>El acuerdo tendr\u00e1 vigencia hasta el 18 de noviembre e incluir\u00e1 a todos los medicamentos que se comercializan a trav\u00e9s de farmacias, incluidos los de venta libre. Para su aplicaci\u00f3n se tomar\u00e1n de base los precios vigentes al 30 de agosto de 2022.<\/p>\n<p>Adem\u00e1s, la evoluci\u00f3n de los precios ser\u00e1 monitoreada conjuntamente entre el Ministerio de Salud y la Secretar\u00eda de Comercio del Ministerio de Econom\u00eda.<\/p>\n<p>En este sentido, en la C\u00e1mara Industrial de Laboratorios Farmac\u00e9uticos Argentinos (Cilfa), dijeron que el resultado del acuerdo que ahora se prorroga fue positivo.<\/p>\n<p>\u201cDe acuerdo a la publicaci\u00f3n del Indec, el incremento de los precios de los medicamentos en agosto fue de 4,1%, esto es, casi 3 puntos porcentuales por debajo de la variaci\u00f3n del IPC general. Si se excluyen los precios de la electricidad, gas y agua (+1,5%), y de los alquileres (+3%), los medicamentos constituyeron el rubro de menor incremento de precios durante agosto\u201d, destacaron.<\/p>\n<h3 style=\"text-align: center;\"><span style=\"color: #0000ff;\"><em><strong>En los primeros ocho meses del a\u00f1o los medicamentos acumularon aumentos por 56.4%<\/strong><\/em><\/span><\/h3>\n<p>Adem\u00e1s, desde Cilfa se agreg\u00f3 que en los primeros ocho meses del a\u00f1o, el precio de los medicamentos se increment\u00f3 por debajo de la inflaci\u00f3n.<\/p>\n<p>\u201cLos precios de los medicamentos en el acumulado de 2022 registran un incremento de 53,5% de acuerdo al INDEC. De esta manera, en 8 meses de 2022 han crecido tres puntos porcentuales por debajo de la inflaci\u00f3n, que en el mismo lapso subi\u00f3 56,4%\u00b0, se\u00f1alaron.<\/p>\n<p>La mesa de trabajo fue encabezada por la ministra de Salud de la Naci\u00f3n, Carla Vizzotti, y su par de Econom\u00eda, Sergio\u00a0 Massa. Tambi\u00e9n participaron del encuentro la jefa de Gabinete de la cartera sanitaria nacional, Sonia Tarragona, el secretario de Comercio, Mat\u00edas Tombolini, y la subsecretaria de Medicamentos e Informaci\u00f3n Estrat\u00e9gica, Natalia Grinblat.<\/p>\n<p>\u201cEl acuerdo viene funcionando bien, este mes los medicamentos estuvieron casi tres puntos por debajo de la inflaci\u00f3n y, tambi\u00e9n vienen por debajo de la inflaci\u00f3n acumulada y de la interanual\u201d, explic\u00f3 Tarragona, al tiempo que remarc\u00f3 que \u201ccontinuaremos trabajando con Comercio para seguir de cerca el cumplimiento\u201d.<\/p>\n<p>Por su parte, Tombolini destac\u00f3 el \u201ctrabajo articulado\u201d entre el Estado y los privados, y remarc\u00f3 que \u201cel objetivo del gobierno es seguir otorgando previsibilidad y garantizando precios de medicamentos accesibles para toda la poblaci\u00f3n\u201d<strong>(VW)<\/strong><\/p>\n","protected":false},"excerpt":{"rendered":"<p>El acuerdo tendr\u00e1 vigencia hasta el 18 de noviembre e incluir\u00e1 a todos los medicamentos que se comercializan a trav\u00e9s de farmacias, incluidos los de venta libre.<\/p>\n","protected":false},"author":3,"featured_media":6482,"comment_status":"closed","ping_status":"closed","sticky":false,"template":"","format":"standard","meta":{"_monsterinsights_skip_tracking":false,"_monsterinsights_sitenote_active":false,"_monsterinsights_sitenote_note":"","_monsterinsights_sitenote_category":0,"footnotes":""},"categories":[8,5],"tags":[380,77,1280,47],"class_list":["post-7300","post","type-post","status-publish","format-standard","has-post-thumbnail","hentry","category-interes-general","category-sociedad","tag-acuerdo","tag-inflacion","tag-medicamentos","tag-precios"],"_links":{"self":[{"href":"https:\/\/www.visionweb.com.ar\/index.php?rest_route=\/wp\/v2\/posts\/7300","targetHints":{"allow":["GET"]}}],"collection":[{"href":"https:\/\/www.visionweb.com.ar\/index.php?rest_route=\/wp\/v2\/posts"}],"about":[{"href":"https:\/\/www.visionweb.com.ar\/index.php?rest_route=\/wp\/v2\/types\/post"}],"author":[{"embeddable":true,"href":"https:\/\/www.visionweb.com.ar\/index.php?rest_route=\/wp\/v2\/users\/3"}],"replies":[{"embeddable":true,"href":"https:\/\/www.visionweb.com.ar\/index.php?rest_route=%2Fwp%2Fv2%2Fcomments&post=7300"}],"version-history":[{"count":1,"href":"https:\/\/www.visionweb.com.ar\/index.php?rest_route=\/wp\/v2\/posts\/7300\/revisions"}],"predecessor-version":[{"id":7301,"href":"https:\/\/www.visionweb.com.ar\/index.php?rest_route=\/wp\/v2\/posts\/7300\/revisions\/7301"}],"wp:featuredmedia":[{"embeddable":true,"href":"https:\/\/www.visionweb.com.ar\/index.php?rest_route=\/wp\/v2\/media\/6482"}],"wp:attachment":[{"href":"https:\/\/www.visionweb.com.ar\/index.php?rest_route=%2Fwp%2Fv2%2Fmedia&parent=7300"}],"wp:term":[{"taxonomy":"category","embeddable":true,"href":"https:\/\/www.visionweb.com.ar\/index.php?rest_route=%2Fwp%2Fv2%2Fcategories&post=7300"},{"taxonomy":"post_tag","embeddable":true,"href":"https:\/\/www.visionweb.com.ar\/index.php?rest_route=%2Fwp%2Fv2%2Ftags&post=7300"}],"curies":[{"name":"wp","href":"https:\/\/api.w.org\/{rel}","templated":true}]}}