{"id":7285,"date":"2022-09-19T07:53:30","date_gmt":"2022-09-19T10:53:30","guid":{"rendered":"https:\/\/www.visionweb.com.ar\/?p=7285"},"modified":"2022-09-19T07:54:40","modified_gmt":"2022-09-19T10:54:40","slug":"consumidores-libres-fallecio-hector-polino","status":"publish","type":"post","link":"https:\/\/www.visionweb.com.ar\/?p=7285","title":{"rendered":"Consumidores Libres: Falleci\u00f3 H\u00e9ctor Polino el fundador de la Entidad"},"content":{"rendered":"<p><strong><em>El responsable legal de Consumidores Libres, falleci\u00f3 este domingo a los 89 a\u00f1os de edad. fue secretario de Acci\u00f3n Cooperativa de la Naci\u00f3n entre 1983 y 1989, durante el Gobierno de Ra\u00fal Alfons\u00edn.<\/em><\/strong><!--more--><\/p>\n<div id=\"attachment_7286\" style=\"width: 310px\" class=\"wp-caption alignright\"><img loading=\"lazy\" decoding=\"async\" aria-describedby=\"caption-attachment-7286\" class=\"wp-image-7286 size-medium\" src=\"https:\/\/www.visionweb.com.ar\/wp-content\/uploads\/2022\/09\/HEcTOR-POLINO-300x168.png\" alt=\"\" width=\"300\" height=\"168\" srcset=\"https:\/\/www.visionweb.com.ar\/wp-content\/uploads\/2022\/09\/HEcTOR-POLINO-300x168.png 300w, https:\/\/www.visionweb.com.ar\/wp-content\/uploads\/2022\/09\/HEcTOR-POLINO.png 679w\" sizes=\"auto, (max-width: 300px) 100vw, 300px\" \/><p id=\"caption-attachment-7286\" class=\"wp-caption-text\"><strong><em>H\u00e9ctor Polino, l\u00edder de Consumidores Libres, falleci\u00f3 este domingo a los 89 a\u00f1os (Foto twitter) <\/em><\/strong><\/p><\/div>\n<p><strong>A<\/strong> los 89 a\u00f1os edad falleci\u00f3 H\u00e9ctor Polino, fundador y responsable legal de la ONG \u00abConsumidores Libres, una cooperativa limitada de previsi\u00f3n de servicios y de acci\u00f3n comunitaria.<\/p>\n<p>Polino estaba internado desde hace varios d\u00edas a causa de una bacteria que complic\u00f3 su estado de salud y\u00a0<strong>sus restos ser\u00e1n velados este lunes en el Congreso Nacional<\/strong>\u00a0de 9 a 12.30, para luego ser sepultados en el cementerio de La Recoleta.<\/p>\n<p>Polino fue diputado nacional entre el 10 de diciembre de 1993 y el 10 de diciembre de 2005. Tambi\u00e9n fue secretario de Acci\u00f3n Cooperativa de la Naci\u00f3n entre 1983 y 1989, durante el Gobierno de Ra\u00fal Alfons\u00edn. A trav\u00e9s de la redes sociales diversos dirigentes del Partido Socialista manifestaron su pesar con la noticia.<\/p>\n<p>\u00abEnorme tristeza por la noticia del fallecimiento de H\u00e9ctor Polino. Mi reconocimiento a un dirigente digno, un luchador, quien nos honr\u00f3 representando los valores e ideales de nuestro Partido Socialista. Mis condolencias con sus familiares y amigos\u00bb, se\u00f1al\u00f3 el exgobernador de Santa Fe Antonio Bonfatti.<\/p>\n<p>Por su parte, Esteban Paul\u00f3n, dirigente santafesino del Partido Socialista, dijo que\u00a0<strong>\u00abfalleci\u00f3 H\u00e9ctor Polino, uno de los grandes referentes del @ps_argentina\u00bb.<\/strong> Fue art\u00edfice de la unidad del socialismo, honesto y comprometido. Secretario de Cooperativas del gobierno de Alfons\u00edn, concejal de Buenos Aires y varias veces Diputado Nacional, lo vamos a extra\u00f1ar\u00bb, complet\u00f3 Paul\u00f3n.<\/p>\n<p>En tanto, el ex gobernador de Santa Fe Antonio Bonfatti expres\u00f3 su \u00abenorme tristeza por la noticia del fallecimiento de H\u00e9ctor Polino\u00bb.<\/p>\n<h3 style=\"text-align: center;\"><span style=\"color: #0000ff;\"><strong><em>El ex legislador por el partido Socialista se desempe\u00f1aba como representante legal de Consumidores Libres<\/em><\/strong><\/span><\/h3>\n<p>\u00abMi reconocimiento a un dirigente digno, un luchador, quien nos honr\u00f3 representando los valores e ideales de nuestro Partido Socialista. Mis condolencias con sus familiares y amigos\u00bb, manifest\u00f3 el ex gobernador socialista<\/p>\n<p>El diputado provincial de Santa Fe por Igualdad y Participaci\u00f3n Rub\u00e9n Giustiniani, tambi\u00e9n exterioriz\u00f3 sus condolencias en las redes sociales: \u00abMi despedida al compa\u00f1ero H\u00e9ctor Polino. Tres veces Diputado Nacional. Socialista hasta la m\u00e9dula, honesto y consecuente luchador por la Justicia Social. Mi abrazo a Ana, su compa\u00f1era, y a su familia. Mi recuerdo con mucho afecto\u00bb.<\/p>\n<p>En 1992 Polino cre\u00f3 la agrupaci\u00f3n \u00abConsumidores Libres\u00bb, con la que cada 15 d\u00edas hac\u00eda un relevamiento de la calidad y los precios de 38 productos de la canasta b\u00e1sica alimentaria en los principales supermercados de la Argentina y negocios barriales de la Ciudad de Buenos Aires.<\/p>\n<p>Polino en varias oportunidades pas\u00f3 por los micr\u00f3fonos del programa \u00abVisi\u00f3n de radio\u00bb, que se emite por AM 1470, Radio cadena. y cada 15 d\u00edas se difund\u00eda, en el programa la n\u00f3mina de precios de los alimentos relevados por la entidad que hab\u00eda fundado en 1992.<\/p>\n<p>A partir de ese momento, se convirti\u00f3 en una fuente de consulta permanente en cuestiones de respeto a los derechos de los consumidores. Se recibi\u00f3 como maestro mayor de obras y luego como abogado y procurador en la Universidad de Buenos Aires.<\/p>\n<p>Adem\u00e1s, recibi\u00f3 un doctorado honoris causa por la Universidad de Concepci\u00f3n del Uruguay.<\/p>\n<p>Decidi\u00f3 entrar al mundo de la pol\u00edtica a los 15 a\u00f1os, cuando se uni\u00f3 a la Juventud Socialista Argentina, la rama joven del Partido Socialista.<\/p>\n<p>A\u00f1os despu\u00e9s, ya en representaci\u00f3n del PS, consigui\u00f3 su primer cargo p\u00fablico como concejal de la Ciudad de Buenos Aires para el per\u00edodo 1960-64. Sin embargo, s\u00f3lo pudo estar en el cargo dos a\u00f1os, debido a que, tras el golpe militar de 1962, fue cesado en su cargo tras ser disuelto el organismo gubernamental.<\/p>\n<p>Si bien no fue radical, Polino se uni\u00f3 a las filas de Ra\u00fal Alfons\u00edn durante el primer per\u00edodo de un mandato presidencial desde la recuperaci\u00f3n de la democracia, en 1983.<\/p>\n<p>En ese aspecto, asumi\u00f3 como el nuevo secretario de Acci\u00f3n Cooperativa de la Naci\u00f3n el 10 de diciembre de 1983 y permaneci\u00f3 en ese puesto hasta el 7 de julio de 1989.<\/p>\n<p>Un a\u00f1o antes, hab\u00eda ingresado al Partido Socialista Democr\u00e1tico, donde forjar\u00eda un grupo de dirigentes y referentes del espacio que desarrollar\u00edan m\u00e1s tarde la reunificaci\u00f3n del Partido Socialista en la Argentina<strong>(VW)<\/strong>.<\/p>\n<p>&nbsp;<\/p>\n<p>&nbsp;<\/p>\n","protected":false},"excerpt":{"rendered":"<p>El responsable legal de Consumidores Libres, falleci\u00f3 este domingo a los 89 a\u00f1os de edad. fue secretario de Acci\u00f3n Cooperativa de la Naci\u00f3n entre 1983 y 1989, durante el Gobierno de Ra\u00fal Alfons\u00edn.<\/p>\n","protected":false},"author":3,"featured_media":7286,"comment_status":"closed","ping_status":"closed","sticky":false,"template":"","format":"standard","meta":{"_monsterinsights_skip_tracking":false,"_monsterinsights_sitenote_active":false,"_monsterinsights_sitenote_note":"","_monsterinsights_sitenote_category":0,"footnotes":""},"categories":[5],"tags":[2220,2998,505,47,2997],"class_list":["post-7285","post","type-post","status-publish","format-standard","has-post-thumbnail","hentry","category-sociedad","tag-consumidores-libres","tag-fasllecimiento","tag-polino","tag-precios","tag-relevamientos"],"_links":{"self":[{"href":"https:\/\/www.visionweb.com.ar\/index.php?rest_route=\/wp\/v2\/posts\/7285","targetHints":{"allow":["GET"]}}],"collection":[{"href":"https:\/\/www.visionweb.com.ar\/index.php?rest_route=\/wp\/v2\/posts"}],"about":[{"href":"https:\/\/www.visionweb.com.ar\/index.php?rest_route=\/wp\/v2\/types\/post"}],"author":[{"embeddable":true,"href":"https:\/\/www.visionweb.com.ar\/index.php?rest_route=\/wp\/v2\/users\/3"}],"replies":[{"embeddable":true,"href":"https:\/\/www.visionweb.com.ar\/index.php?rest_route=%2Fwp%2Fv2%2Fcomments&post=7285"}],"version-history":[{"count":3,"href":"https:\/\/www.visionweb.com.ar\/index.php?rest_route=\/wp\/v2\/posts\/7285\/revisions"}],"predecessor-version":[{"id":7289,"href":"https:\/\/www.visionweb.com.ar\/index.php?rest_route=\/wp\/v2\/posts\/7285\/revisions\/7289"}],"wp:featuredmedia":[{"embeddable":true,"href":"https:\/\/www.visionweb.com.ar\/index.php?rest_route=\/wp\/v2\/media\/7286"}],"wp:attachment":[{"href":"https:\/\/www.visionweb.com.ar\/index.php?rest_route=%2Fwp%2Fv2%2Fmedia&parent=7285"}],"wp:term":[{"taxonomy":"category","embeddable":true,"href":"https:\/\/www.visionweb.com.ar\/index.php?rest_route=%2Fwp%2Fv2%2Fcategories&post=7285"},{"taxonomy":"post_tag","embeddable":true,"href":"https:\/\/www.visionweb.com.ar\/index.php?rest_route=%2Fwp%2Fv2%2Ftags&post=7285"}],"curies":[{"name":"wp","href":"https:\/\/api.w.org\/{rel}","templated":true}]}}