{"id":7279,"date":"2022-09-16T11:17:23","date_gmt":"2022-09-16T14:17:23","guid":{"rendered":"https:\/\/www.visionweb.com.ar\/?p=7279"},"modified":"2022-09-16T11:17:23","modified_gmt":"2022-09-16T14:17:23","slug":"el-poder-ejecutivo-mando-el-presupuesto-2023-a-la-camara-de-diputados","status":"publish","type":"post","link":"https:\/\/www.visionweb.com.ar\/?p=7279","title":{"rendered":"El Poder Ejecutivo mand\u00f3 el Presupuesto 2023 a la C\u00e1mara de Diputados"},"content":{"rendered":"<p><strong><em>El proyecto de Ley de Presupuesto fija una inflaci\u00f2n del 60% y un crecimiento de la actividad del Producto Interno Bruto del 2%.<\/em><\/strong> <!--more--><\/p>\n<p><strong><img loading=\"lazy\" decoding=\"async\" class=\"size-medium wp-image-4779 aligncenter\" src=\"https:\/\/www.visionweb.com.ar\/wp-content\/uploads\/2022\/03\/CAMARA-DE-DIPUTADOS-DE-LA-NACION-300x200.png\" alt=\"\" width=\"300\" height=\"200\" srcset=\"https:\/\/www.visionweb.com.ar\/wp-content\/uploads\/2022\/03\/CAMARA-DE-DIPUTADOS-DE-LA-NACION-300x200.png 300w, https:\/\/www.visionweb.com.ar\/wp-content\/uploads\/2022\/03\/CAMARA-DE-DIPUTADOS-DE-LA-NACION-768x513.png 768w, https:\/\/www.visionweb.com.ar\/wp-content\/uploads\/2022\/03\/CAMARA-DE-DIPUTADOS-DE-LA-NACION.png 800w\" sizes=\"auto, (max-width: 300px) 100vw, 300px\" \/>E<\/strong>l Ministerio de Econom\u00eda envi\u00f3 este jueves 15 de septiembre el proyecto de ley de Presupuesto 2023, cuyos datos fueron revelados por fuentes del Palacio de Hacienda, que proyecta una inflaci\u00f3n del 60% y un crecimiento del PBI del 2% . La iniciativa ingreso a la HCD a la Mesa de Entrada de la C\u00e1mara baja a las 23.45.<\/p>\n<p>La cotizaci\u00f3n del d\u00f3lar para el pr\u00f3ximo a\u00f1o llegar\u00eda a 269 pesos en diciembre de 2023, luego de arrancar en diciembre de 2022 en 166,50 pesos. El valor promedio del a\u00f1o ser\u00eda entonces de 219 pesos.<\/p>\n<p>El d\u00e9ficit primario proyectado para el pr\u00f3ximo a\u00f1o es de 1,9% del PBI, contra el 2,5% previsto para el presente a\u00f1o, con lo cual se estar\u00eda cumpliendo el compromiso con el FMI.<\/p>\n<p>Para alcanzar esta baja, el Presupuesto prev\u00e9 una reducci\u00f3n de subsidios y la eliminaci\u00f3n de ciertas excepciones impositivas vigentes, describi\u00f3 la publicaci\u00f3n especializada El Parlamentario.<\/p>\n<p>Se prev\u00e9 una baja del 0,6% del producto por la citada baja de subsidios, como as\u00ed tambi\u00e9n los recursos generados por los planes Gas IV y Gas V anunciados.<\/p>\n<p>El gasto p\u00fablico subir\u00e1, seg\u00fan el proyecto, 65%, por encima entonces de la inflaci\u00f3n prevista.<\/p>\n<p>Los subsidios al transporte bajar\u00e1n levemente: del 0,5% del PIB al 0,4%.<\/p>\n<p>El proyecto de Presupuesto prev\u00e9 un crecimiento de la inversi\u00f3n muy por debajo del nivel actual, pasando del 10% de 2022 al 2,9% el a\u00f1o entrante.<\/p>\n<p>Bajar\u00eda tambi\u00e9n el consumo privado, que pasar\u00eda del 6,5% este a\u00f1o a un crecimiento de solo 2% en 2023.<\/p>\n<p>La previsi\u00f3n de exportaciones es de un crecimiento de 7,1% en 2023, en tanto que las importaciones subir\u00edan 2%.<\/p>\n<p>El super\u00e1vit comercial calculado pasar\u00eda de 7.751 millones de d\u00f3lares a 12.347 millones de d\u00f3lares en 2023.<\/p>\n<p>La estimaci\u00f3n del desempleo es de 7%, con una recuperaci\u00f3n salarial de solo 2%.<strong>(VW)<\/strong><\/p>\n","protected":false},"excerpt":{"rendered":"<p>El proyecto de Ley de Presupuesto fija una inflaci\u00f2n del 60% y un crecimiento de la actividad del Producto Interno Bruto del 2%.<\/p>\n","protected":false},"author":3,"featured_media":4779,"comment_status":"closed","ping_status":"closed","sticky":false,"template":"","format":"standard","meta":{"_monsterinsights_skip_tracking":false,"_monsterinsights_sitenote_active":false,"_monsterinsights_sitenote_note":"","_monsterinsights_sitenote_category":0,"footnotes":""},"categories":[4],"tags":[2993,869,2994],"class_list":["post-7279","post","type-post","status-publish","format-standard","has-post-thumbnail","hentry","category-politica","tag-ejecutivo","tag-massa","tag-presupuesto-2023"],"_links":{"self":[{"href":"https:\/\/www.visionweb.com.ar\/index.php?rest_route=\/wp\/v2\/posts\/7279","targetHints":{"allow":["GET"]}}],"collection":[{"href":"https:\/\/www.visionweb.com.ar\/index.php?rest_route=\/wp\/v2\/posts"}],"about":[{"href":"https:\/\/www.visionweb.com.ar\/index.php?rest_route=\/wp\/v2\/types\/post"}],"author":[{"embeddable":true,"href":"https:\/\/www.visionweb.com.ar\/index.php?rest_route=\/wp\/v2\/users\/3"}],"replies":[{"embeddable":true,"href":"https:\/\/www.visionweb.com.ar\/index.php?rest_route=%2Fwp%2Fv2%2Fcomments&post=7279"}],"version-history":[{"count":1,"href":"https:\/\/www.visionweb.com.ar\/index.php?rest_route=\/wp\/v2\/posts\/7279\/revisions"}],"predecessor-version":[{"id":7280,"href":"https:\/\/www.visionweb.com.ar\/index.php?rest_route=\/wp\/v2\/posts\/7279\/revisions\/7280"}],"wp:featuredmedia":[{"embeddable":true,"href":"https:\/\/www.visionweb.com.ar\/index.php?rest_route=\/wp\/v2\/media\/4779"}],"wp:attachment":[{"href":"https:\/\/www.visionweb.com.ar\/index.php?rest_route=%2Fwp%2Fv2%2Fmedia&parent=7279"}],"wp:term":[{"taxonomy":"category","embeddable":true,"href":"https:\/\/www.visionweb.com.ar\/index.php?rest_route=%2Fwp%2Fv2%2Fcategories&post=7279"},{"taxonomy":"post_tag","embeddable":true,"href":"https:\/\/www.visionweb.com.ar\/index.php?rest_route=%2Fwp%2Fv2%2Ftags&post=7279"}],"curies":[{"name":"wp","href":"https:\/\/api.w.org\/{rel}","templated":true}]}}