{"id":7274,"date":"2022-09-16T10:53:11","date_gmt":"2022-09-16T13:53:11","guid":{"rendered":"https:\/\/www.visionweb.com.ar\/?p=7274"},"modified":"2022-09-16T10:53:11","modified_gmt":"2022-09-16T13:53:11","slug":"provincia-las-clases-comenzaran-el-1o-de-marzo","status":"publish","type":"post","link":"https:\/\/www.visionweb.com.ar\/?p=7274","title":{"rendered":"Provincia: Las clases comenzar\u00e1n el 1\u00ba de marzo"},"content":{"rendered":"<p><em><strong>Ser\u00e1n 190 d\u00edas de ciclo lectivo. La finalizaci\u00f3n del ciclo 2023 ser\u00e1 para toda la Argentina el 22 de diciembre. El gobierno bonaerense ratific\u00f3 su adhesi\u00f3n a lo acordado por el Consejo Federal de Educaci\u00f3n.<\/strong><\/em><!--more--><\/p>\n<p><strong><img loading=\"lazy\" decoding=\"async\" class=\"size-full wp-image-7276 aligncenter\" src=\"https:\/\/www.visionweb.com.ar\/wp-content\/uploads\/2022\/09\/Sileoni-clases.bmp\" alt=\"\" width=\"635\" height=\"375\" \/>E<\/strong>l director general de Cultura y Educaci\u00f3n bonaerense, Alberto Sileoni, confirm\u00f3 ayer que las clases en la Provincia de Buenos Aires\u00a0<strong>comenzar\u00e1n el pr\u00f3ximo 1 de marzo<\/strong>, con lo cual se dar\u00e1 cumplimiento a los 190 d\u00edas de ciclo lectivo.<\/p>\n<p>Sileoni al respecto indic\u00f3 que: \u201cHay un acuerdo del Consejo Federal de Educaci\u00f3n de empezar las clases el primero de marzo, fue un acuerdo que tuvo el consenso en la \u00faltima reuni\u00f3n.\u00a0<strong>La Ciudad Aut\u00f3noma<\/strong><strong> de Buenos Aires siempre tiene esa intenci\u00f3n de diferenciarse<\/strong>, pero nosotros no vamos por ese lado\u201d, afirm\u00f3.<\/p>\n<p>En esa direcci\u00f3n, sobre el anuncio, apunt\u00f3: \u201cHabr\u00e1n pensado que una diferenciaci\u00f3n de cara a su electorado era anticiparlo dos d\u00edas. Me parece irrelevante en alg\u00fan sentido\u201d, consider\u00f3.<\/p>\n<p>A la vez, el titular de Educaci\u00f3n de la Provincia de Buenos Aires,\u00a0 analiz\u00f3 la decisi\u00f3n del <strong>gobierno de la Ciudad de Buenos Aires de adelantar el comienzo de clases para el lunes 27 de febrero<\/strong>: \u201cNosotros demostramos nuestro inter\u00e9s por la educaci\u00f3n con <strong>presupuesto y construcci\u00f3n de escuelas<\/strong>. La Ciudad de Buenos Aires tiene una tendencia a un discurso m\u00e1s efectista, en este caso, <strong>tiene dos d\u00edas m\u00e1s de clase, y no me parece mal<\/strong>\u201d.<\/p>\n<p>En ese sentido, agreg\u00f3 que\u00a0<strong>\u201cbuena parte del pa\u00eds empezar\u00e1 el 1\u00ba de marzo\u201d<\/strong><strong>\u00a0<\/strong>y explic\u00f3 que la fecha de finalizaci\u00f3n del ciclo 2023 ser\u00e1 para toda la Argentina el 22 de diciembre.<\/p>\n<p><a href=\"https:\/\/www.visionweb.com.ar\/wp-content\/uploads\/2022\/09\/clases-en-provincia.bmp\"><img loading=\"lazy\" decoding=\"async\" class=\"size-full wp-image-7277 aligncenter\" src=\"https:\/\/www.visionweb.com.ar\/wp-content\/uploads\/2022\/09\/clases-en-provincia.bmp\" alt=\"\" width=\"708\" height=\"388\" \/><\/a>\u201cSon 190 d\u00edas, es un consenso que venimos sosteniendo,\u00a0<strong>los 180 d\u00edas obligatorios<\/strong><strong>\u00a0<\/strong>pero con una tendencia de que cada a\u00f1o se a\u00f1adan m\u00e1s d\u00edas, ya que con la pandemia nos dimos cuenta que el d\u00eda de clases es insustituible, hay que cuidarlo\u201d, asever\u00f3 el ministro.<\/p>\n<p>En cuanto a empezar en marzo, Sileoni dijo que Buenos Aires es \u201cuna\u00a0<strong>provincia receptora de turismo<\/strong><strong>\u00a0<\/strong>y eso se tiene en cuenta, al igual que lo ha tenido en cuenta el Consejo Federal para toda la Naci\u00f3n\u201d.<\/p>\n<p>\u201cAl empezar el 1 de marzo, son 190 d\u00edas, es una duraci\u00f3n de ciclo lectivo importante, nosotros en poco tiempo m\u00e1s a\u00f1adimos la extensi\u00f3n de jornada, incorporamos centenares de escuelas a la doble jornada, son m\u00e1s d\u00edas, m\u00e1s horas. La pandemia ha dejado aprendizajes ca\u00eddos y hay que recuperarlos\u201d, asegur\u00f3. <strong>(VW)<\/strong><\/p>\n<p>&nbsp;<\/p>\n","protected":false},"excerpt":{"rendered":"<p>Ser\u00e1n 190 d\u00edas de ciclo lectivo. La finalizaci\u00f3n del ciclo 2023 ser\u00e1 para toda la Argentina el 22 de diciembre. El gobierno bonaerense ratific\u00f3 su adhesi\u00f3n a lo acordado por el Consejo Federal de&#46;&#46;&#46;<\/p>\n","protected":false},"author":4,"featured_media":7277,"comment_status":"closed","ping_status":"closed","sticky":false,"template":"","format":"standard","meta":{"_monsterinsights_skip_tracking":false,"_monsterinsights_sitenote_active":false,"_monsterinsights_sitenote_note":"","_monsterinsights_sitenote_category":0,"footnotes":""},"categories":[7],"tags":[2992,2991,356,2160],"class_list":["post-7274","post","type-post","status-publish","format-standard","has-post-thumbnail","hentry","category-educacion-y-cultura","tag-190-dias-de-clases","tag-clases-2023","tag-provincia","tag-sileoni"],"_links":{"self":[{"href":"https:\/\/www.visionweb.com.ar\/index.php?rest_route=\/wp\/v2\/posts\/7274","targetHints":{"allow":["GET"]}}],"collection":[{"href":"https:\/\/www.visionweb.com.ar\/index.php?rest_route=\/wp\/v2\/posts"}],"about":[{"href":"https:\/\/www.visionweb.com.ar\/index.php?rest_route=\/wp\/v2\/types\/post"}],"author":[{"embeddable":true,"href":"https:\/\/www.visionweb.com.ar\/index.php?rest_route=\/wp\/v2\/users\/4"}],"replies":[{"embeddable":true,"href":"https:\/\/www.visionweb.com.ar\/index.php?rest_route=%2Fwp%2Fv2%2Fcomments&post=7274"}],"version-history":[{"count":2,"href":"https:\/\/www.visionweb.com.ar\/index.php?rest_route=\/wp\/v2\/posts\/7274\/revisions"}],"predecessor-version":[{"id":7278,"href":"https:\/\/www.visionweb.com.ar\/index.php?rest_route=\/wp\/v2\/posts\/7274\/revisions\/7278"}],"wp:featuredmedia":[{"embeddable":true,"href":"https:\/\/www.visionweb.com.ar\/index.php?rest_route=\/wp\/v2\/media\/7277"}],"wp:attachment":[{"href":"https:\/\/www.visionweb.com.ar\/index.php?rest_route=%2Fwp%2Fv2%2Fmedia&parent=7274"}],"wp:term":[{"taxonomy":"category","embeddable":true,"href":"https:\/\/www.visionweb.com.ar\/index.php?rest_route=%2Fwp%2Fv2%2Fcategories&post=7274"},{"taxonomy":"post_tag","embeddable":true,"href":"https:\/\/www.visionweb.com.ar\/index.php?rest_route=%2Fwp%2Fv2%2Ftags&post=7274"}],"curies":[{"name":"wp","href":"https:\/\/api.w.org\/{rel}","templated":true}]}}