{"id":7271,"date":"2022-09-16T09:17:50","date_gmt":"2022-09-16T12:17:50","guid":{"rendered":"https:\/\/www.visionweb.com.ar\/?p=7271"},"modified":"2022-09-16T09:17:50","modified_gmt":"2022-09-16T12:17:50","slug":"diputados-avanza-en-comision-proyecto-para-incluir-pictogramas-para-personas-con-discapacidades-en-los-transportes-publicos","status":"publish","type":"post","link":"https:\/\/www.visionweb.com.ar\/?p=7271","title":{"rendered":"Diputados: Avanza en comisi\u00f3n Proyecto para incluir pictogramas para personas con discapacidades en los transportes p\u00fablicos"},"content":{"rendered":"<p class=\"mt-3 pb-4\"><em><strong>La iniciativa fue aprobada en la Comisi\u00f3n de Transporte que se reuni\u00f3 este jueves. Durante la semana tambi\u00e9n sesionaron las comisiones de Asuntos Regionales y del Interior, Asuntos Culturales, Trabajo, Comunicaci\u00f3n, Servicios P\u00fablicos y Turismo.<\/strong><\/em><!--more--><\/p>\n<p><strong><img loading=\"lazy\" decoding=\"async\" class=\"size-medium wp-image-7272 alignright\" src=\"https:\/\/www.visionweb.com.ar\/wp-content\/uploads\/2022\/09\/CDPBA-300x200.png\" alt=\"\" width=\"300\" height=\"200\" srcset=\"https:\/\/www.visionweb.com.ar\/wp-content\/uploads\/2022\/09\/CDPBA-300x200.png 300w, https:\/\/www.visionweb.com.ar\/wp-content\/uploads\/2022\/09\/CDPBA.png 640w\" sizes=\"auto, (max-width: 300px) 100vw, 300px\" \/>L<\/strong>a Comisi\u00f3n de Transporte, que preside el diputado Mart\u00edn Dom\u00ednguez Yelpo, aprob\u00f3 por unanimidad un proyecto que incorpora a la Ley de Transporte de Pasajeros un art\u00edculo que tiene como objetivo establecer el uso y la colocaci\u00f3n de pictogramas en las empresas de transporte con el fin de facilitar accesibilidad a personas con discapacidad, en especial a aquellas que manifiesten dificultades en la comunicaci\u00f3n y el lenguaje verbal.<\/p>\n<p>Un <b>pictograma<\/b>\u00a0es un dibujo simple\u00a0<b>que<\/b>, sin necesidad de acompa\u00f1arlo con un texto explicativo, es capaz de trasladar un mensaje.<\/p>\n<p>El Poder Ejecutivo ser\u00e1 quien proporcione a los municipios los pictogramas de se\u00f1alizaci\u00f3n que faciliten la comprensi\u00f3n de los usuarios.<\/p>\n<p>Los pictogramas ser\u00e1n colocados en paradas de colectivos, terminales de \u00f3mnibus y cualquier espacio donde se utilice el transporte p\u00fablico de pasajeros.<\/p>\n<p>Por otra parte, este \u00f3rgano parlamentario, tambi\u00e9n avanz\u00f3 en un proyecto de ley por el que se busca garantizar la gratuidad de la emisi\u00f3n o renovaci\u00f3n de la licencia de conducir para el personal del cuerpo de bomberos voluntarios de la provincia de Buenos Aires.<\/p>\n<p>En otro orden, se reuni\u00f3 la Comisi\u00f3n de Servicios P\u00fablicos,\u00a0 presidida por el diputado Ariel Archanco, y aprob\u00f3 el proyecto de ley presentado por el diputado Mart\u00edn Dom\u00ednguez Yelpo modificando la ley de Derechos de los Consumidores y Usuarios, con el objetivo de asegurar a toda persona f\u00edsica o jur\u00eddica pueda tener informaci\u00f3n de la lectura de su propio medidor de manera f\u00e1cil y r\u00e1pida, como as\u00ed tambi\u00e9n conocer el consumo diario de su servicio.<\/p>\n<p>Asimismo se vot\u00f3 favorablemente la iniciativa del diputado Guillermo Escudero que modifica el art\u00edculo 8\u00b0 de la Ley 11769, sobre el marco regulatorio de la energ\u00eda el\u00e9ctrica, <strong><em>para que se considere generador o auto generador a quienes produzcan energ\u00eda de origen renovable para autoconsumo, con eventual inyecci\u00f3n de excedente a la red.<\/em><\/strong><\/p>\n<p>Adem\u00e1s, se dio dictamen favorable a varios proyectos como el del diputado Jos\u00e9 Ignacio Rossi, declarando preocupaci\u00f3n por los aumentos implementados por empresas de telefon\u00eda, internet o televisi\u00f3n, sin autorizaci\u00f3n del Enacom y prohibidos por el DNU 690\/20, y se aprob\u00f3 declarar la preocupaci\u00f3n por la falta de atenci\u00f3n al p\u00fablico en forma presencial por parte de la empresa concesionaria Camuzzi Gas Pampeanas S.A. en la ciudad de La Plata, proyecto del legislador Ariel Archanco.<\/p>\n<p>Por su parte, la Comisi\u00f3n de Turismo, a cargo del diputado Enrique Dichiara, aprob\u00f3 un proyecto de ley de la diputada Soledad Alonso que busca declarar de inter\u00e9s provincial y tur\u00edstico al corredor \u00abDelta del Paran\u00e1 de Las Palmas\u00bb, ubicado en la localidad de Campana.<\/p>\n<p>En la Comisi\u00f3n de Comunicaci\u00f3n que preside el diputado Adri\u00e1n Grana, se aprob\u00f3 por mayor\u00eda una modificaci\u00f3n a la ley de contrataciones de la Provincia en lo que respecta al otorgamiento de pauta publicitaria oficial. Establece que los medios de comunicaci\u00f3n contratantes deber\u00e1n presentar ante la autoridad de aplicaci\u00f3n la inexistencia de haberes impagos respecto al personal que tienen a su cargo. El objetivo es que no registren deudas de haberes ni de aportes patronales.<\/p>\n<p>La otra propuesta corresponde a un pedido de reproducci\u00f3n del diputado Mart\u00edn Dom\u00ednguez Yelpo, que busca declarar \u00abFiesta Provincial de las Colectividades\u00bb a la \u00abFeria de las Colectividades\u00bb, la cual se desarrolla el tercer fin de semana de cada enero en la ciudad de Necochea<strong>(VW)<\/strong>.<\/p>\n","protected":false},"excerpt":{"rendered":"<p>La iniciativa fue aprobada en la Comisi\u00f3n de Transporte que se reuni\u00f3 este jueves. Durante la semana tambi\u00e9n sesionaron las comisiones de Asuntos Regionales y del Interior, Asuntos Culturales, Trabajo, Comunicaci\u00f3n, Servicios P\u00fablicos y&#46;&#46;&#46;<\/p>\n","protected":false},"author":3,"featured_media":7272,"comment_status":"closed","ping_status":"closed","sticky":false,"template":"","format":"standard","meta":{"_monsterinsights_skip_tracking":false,"_monsterinsights_sitenote_active":false,"_monsterinsights_sitenote_note":"","_monsterinsights_sitenote_category":0,"footnotes":""},"categories":[1],"tags":[],"class_list":["post-7271","post","type-post","status-publish","format-standard","has-post-thumbnail","hentry","category-uncategorized"],"_links":{"self":[{"href":"https:\/\/www.visionweb.com.ar\/index.php?rest_route=\/wp\/v2\/posts\/7271","targetHints":{"allow":["GET"]}}],"collection":[{"href":"https:\/\/www.visionweb.com.ar\/index.php?rest_route=\/wp\/v2\/posts"}],"about":[{"href":"https:\/\/www.visionweb.com.ar\/index.php?rest_route=\/wp\/v2\/types\/post"}],"author":[{"embeddable":true,"href":"https:\/\/www.visionweb.com.ar\/index.php?rest_route=\/wp\/v2\/users\/3"}],"replies":[{"embeddable":true,"href":"https:\/\/www.visionweb.com.ar\/index.php?rest_route=%2Fwp%2Fv2%2Fcomments&post=7271"}],"version-history":[{"count":1,"href":"https:\/\/www.visionweb.com.ar\/index.php?rest_route=\/wp\/v2\/posts\/7271\/revisions"}],"predecessor-version":[{"id":7273,"href":"https:\/\/www.visionweb.com.ar\/index.php?rest_route=\/wp\/v2\/posts\/7271\/revisions\/7273"}],"wp:featuredmedia":[{"embeddable":true,"href":"https:\/\/www.visionweb.com.ar\/index.php?rest_route=\/wp\/v2\/media\/7272"}],"wp:attachment":[{"href":"https:\/\/www.visionweb.com.ar\/index.php?rest_route=%2Fwp%2Fv2%2Fmedia&parent=7271"}],"wp:term":[{"taxonomy":"category","embeddable":true,"href":"https:\/\/www.visionweb.com.ar\/index.php?rest_route=%2Fwp%2Fv2%2Fcategories&post=7271"},{"taxonomy":"post_tag","embeddable":true,"href":"https:\/\/www.visionweb.com.ar\/index.php?rest_route=%2Fwp%2Fv2%2Ftags&post=7271"}],"curies":[{"name":"wp","href":"https:\/\/api.w.org\/{rel}","templated":true}]}}