{"id":7265,"date":"2022-09-15T12:57:50","date_gmt":"2022-09-15T15:57:50","guid":{"rendered":"https:\/\/www.visionweb.com.ar\/?p=7265"},"modified":"2022-09-15T12:57:50","modified_gmt":"2022-09-15T15:57:50","slug":"diego-santilli-se-reunio-en-banfield-con-mas-de-300-vecinos","status":"publish","type":"post","link":"https:\/\/www.visionweb.com.ar\/?p=7265","title":{"rendered":"Diego Santilli se reuni\u00f3 en Banfield con m\u00e1s de 300 vecinos"},"content":{"rendered":"<p><em><strong>En un restaurante repleto, Santilli dijo: \u201cEl internismo nos hace mucho da\u00f1o y no resuelve los problemas de la gente\u201d, y agreg\u00f3: \u201cLa gente quiere vivir en paz\u201d.<\/strong><\/em><!--more--><\/p>\n<p><strong><img loading=\"lazy\" decoding=\"async\" class=\"size-full wp-image-7267 aligncenter\" src=\"https:\/\/www.visionweb.com.ar\/wp-content\/uploads\/2022\/09\/bandifield-con-santilli-2.bmp\" alt=\"\" width=\"596\" height=\"380\" \/>E<\/strong>l diputado nacional por la Provincia de Buenos Aires, Diego Santilli, ayer martes<strong>\u00a0<\/strong><strong>encabez\u00f3 un masivo encuentro de vecinos<\/strong>\u00a0en Banfield, luego de una recorrida por la localidad de Lomas de Zamora junto a dirigentes del distrito.<\/p>\n<p>Alrededor de trescientos vecinos, entre comerciantes, docentes y jubilados, familiares v\u00edctimas de la inseguridad, asistieron a la reuni\u00f3n que se llev\u00f3 a cabo en el restaurante La Farola, ubicado en la calle<strong>\u00a0<\/strong>Alberto Larroque 107, de Banfield.<\/p>\n<p>El evento hab\u00eda sido organizado como una charla con vecinos de la zona, pero se transform\u00f3 en una convocatoria para la militancia de Juntos, ya que cuando Diego Santilli lleg\u00f3 a La Farola, el bar desbordaba de gente.<\/p>\n<p><strong><a href=\"https:\/\/www.visionweb.com.ar\/wp-content\/uploads\/2022\/09\/banfield-con-santilli.bmp\"><img loading=\"lazy\" decoding=\"async\" class=\"size-full wp-image-7268 aligncenter\" src=\"https:\/\/www.visionweb.com.ar\/wp-content\/uploads\/2022\/09\/banfield-con-santilli.bmp\" alt=\"\" width=\"682\" height=\"456\" \/><\/a>Santilli vio la masiva convocatoria y dijo estar \u201cazorado\u201d<\/strong>, a la vez que describi\u00f3 el acontecimiento como \u201c<strong>la necesidad de la gente por cambiar<\/strong>\u201d.<\/p>\n<p>En ese orden, record\u00f3 que le pas\u00f3 \u201clo mismo\u201d en Avellaneda la semana pasada. Lo entiende porque \u201cel cambio ya empez\u00f3\u201d y la gente quiere \u201cvivir en paz, queremos que nuestros hijos se eduquen y no que los adoctrinen\u201d, detall\u00f3.<\/p>\n<p>Estuvieron presentes los concejales de Juntos, Cecilia G\u00f3mez, Jorge Villalba, Fanny Vera y Silvia Sierra; los consejeros escolares, \u00c1ngeles Sanpieri y Nicol\u00e1s Bari; y los dirigentes de la UCR, la Coalici\u00f3n C\u00edvica, del Peronismo Republicano y de Unidos por Lomas. Juntos se ampl\u00eda, gana en diversidad y se prepara para gobernar Lomas.<\/p>\n<p>El discurso del diputado nacional ahond\u00f3 a la intensa interna que tiene el PRO en la Provincia: \u201cLa gente nos quiere ver juntos a todos los espacios que conformamos Juntos por el Cambio\u201d, y pidi\u00f3 <strong>\u201cterminar con el internismo\u201d<\/strong> que \u201chace mucho da\u00f1o y no resuelve los problemas de la gente\u201d.<\/p>\n<p>Santilli avanz\u00f3 en varios puntos, como el trabajo: \u201c<strong>hace 12 a\u00f1os no se genera trabajo privado<\/strong>\u201d; la <strong>inseguridad: \u201cse volvi\u00f3 intolerable e invivible\u201d<\/strong>, donde \u201cel 82 por ciento de los delitos sucede en 25 municipios\u201d, y plante\u00f3 la falta de decisi\u00f3n pol\u00edtica.<\/p>\n<p>A la vez, adelant\u00f3 que tiene \u201c<strong>un plan para la salud de la provincia<\/strong>\u201d armado por Fern\u00e1n Quiroz.<\/p>\n<p><a href=\"https:\/\/www.visionweb.com.ar\/wp-content\/uploads\/2022\/09\/banfield-santiili-vinuales.bmp\"><img loading=\"lazy\" decoding=\"async\" class=\"size-full wp-image-7269 aligncenter\" src=\"https:\/\/www.visionweb.com.ar\/wp-content\/uploads\/2022\/09\/banfield-santiili-vinuales.bmp\" alt=\"\" width=\"657\" height=\"364\" \/><\/a>Esta es la sexta visita a Lomas de Zamora en menos un a\u00f1o, donde <strong>Santilli<\/strong> expres\u00f3 elogios para Guillermo Vi\u00f1uales, y exhalt\u00f3 la decisi\u00f3n de \u201c<strong>recorrer todos los distritos<\/strong>\u201d y la importancia de \u201cestar\u201d.<\/p>\n<p>En esa l\u00ednea, <strong>Vi\u00f1uales<\/strong> por su parte, asegur\u00f3 que \u201ccada uno de los presentes sab\u00edan a qu\u00e9 iban, ninguno fue obligado a bajar de un micro para asistir\u201c. Y agreg\u00f3: \u201cPara nosotros es una enorme alegr\u00eda ver c\u00f3mo <strong>los vecinos comienzan a ser protagonistas para recuperar los valores, la seguridad, el trabajo y la educaci\u00f3n en Lomas<\/strong>\u201d.<\/p>\n<p>A su vez, Vi\u00f1uales concluy\u00f3: \u201cJuntos se ampl\u00eda, gana en diversidad y se prepara para gobernar Lomas\u201d. <strong>(VW)<\/strong><\/p>\n","protected":false},"excerpt":{"rendered":"<p>En un restaurante repleto, Santilli dijo: \u201cEl internismo nos hace mucho da\u00f1o y no resuelve los problemas de la gente\u201d, y agreg\u00f3: \u201cLa gente quiere vivir en paz\u201d.<\/p>\n","protected":false},"author":4,"featured_media":7269,"comment_status":"closed","ping_status":"closed","sticky":false,"template":"","format":"standard","meta":{"_monsterinsights_skip_tracking":false,"_monsterinsights_sitenote_active":false,"_monsterinsights_sitenote_note":"","_monsterinsights_sitenote_category":0,"footnotes":""},"categories":[4],"tags":[2989,318,2990,2853],"class_list":["post-7265","post","type-post","status-publish","format-standard","has-post-thumbnail","hentry","category-politica","tag-diego-santilli","tag-lomas-de-zamora","tag-reunion-en-banfield","tag-vinuales"],"_links":{"self":[{"href":"https:\/\/www.visionweb.com.ar\/index.php?rest_route=\/wp\/v2\/posts\/7265","targetHints":{"allow":["GET"]}}],"collection":[{"href":"https:\/\/www.visionweb.com.ar\/index.php?rest_route=\/wp\/v2\/posts"}],"about":[{"href":"https:\/\/www.visionweb.com.ar\/index.php?rest_route=\/wp\/v2\/types\/post"}],"author":[{"embeddable":true,"href":"https:\/\/www.visionweb.com.ar\/index.php?rest_route=\/wp\/v2\/users\/4"}],"replies":[{"embeddable":true,"href":"https:\/\/www.visionweb.com.ar\/index.php?rest_route=%2Fwp%2Fv2%2Fcomments&post=7265"}],"version-history":[{"count":2,"href":"https:\/\/www.visionweb.com.ar\/index.php?rest_route=\/wp\/v2\/posts\/7265\/revisions"}],"predecessor-version":[{"id":7270,"href":"https:\/\/www.visionweb.com.ar\/index.php?rest_route=\/wp\/v2\/posts\/7265\/revisions\/7270"}],"wp:featuredmedia":[{"embeddable":true,"href":"https:\/\/www.visionweb.com.ar\/index.php?rest_route=\/wp\/v2\/media\/7269"}],"wp:attachment":[{"href":"https:\/\/www.visionweb.com.ar\/index.php?rest_route=%2Fwp%2Fv2%2Fmedia&parent=7265"}],"wp:term":[{"taxonomy":"category","embeddable":true,"href":"https:\/\/www.visionweb.com.ar\/index.php?rest_route=%2Fwp%2Fv2%2Fcategories&post=7265"},{"taxonomy":"post_tag","embeddable":true,"href":"https:\/\/www.visionweb.com.ar\/index.php?rest_route=%2Fwp%2Fv2%2Ftags&post=7265"}],"curies":[{"name":"wp","href":"https:\/\/api.w.org\/{rel}","templated":true}]}}