{"id":7263,"date":"2022-09-15T12:02:32","date_gmt":"2022-09-15T15:02:32","guid":{"rendered":"https:\/\/www.visionweb.com.ar\/?p=7263"},"modified":"2022-09-15T12:02:32","modified_gmt":"2022-09-15T15:02:32","slug":"luz-formalizan-la-quita-de-subsidios-para-consumos-mayores-a-400-kwh-por-mes","status":"publish","type":"post","link":"https:\/\/www.visionweb.com.ar\/?p=7263","title":{"rendered":"Luz: formalizan la quita de subsidios para consumos mayores a 400 kWh por mes"},"content":{"rendered":"<p><strong><em>Quienes superen ese valor pagar\u00e1n la tarifa plena. Aseguran que el consumo promedio a nivel pa\u00eds est\u00e1 por debajo de los 300 kWh.<\/em><\/strong><!--more--><\/p>\n<p><strong><img loading=\"lazy\" decoding=\"async\" class=\"size-medium wp-image-4785 alignright\" src=\"https:\/\/www.visionweb.com.ar\/wp-content\/uploads\/2022\/03\/ENERGIA-300x167.png\" alt=\"\" width=\"300\" height=\"167\" srcset=\"https:\/\/www.visionweb.com.ar\/wp-content\/uploads\/2022\/03\/ENERGIA-300x167.png 300w, https:\/\/www.visionweb.com.ar\/wp-content\/uploads\/2022\/03\/ENERGIA-768x428.png 768w, https:\/\/www.visionweb.com.ar\/wp-content\/uploads\/2022\/03\/ENERGIA.png 800w\" sizes=\"auto, (max-width: 300px) 100vw, 300px\" \/>L<\/strong>a Secretar\u00eda de Energ\u00eda oficializ\u00f3 este jueves la quita de subsidios para los hogares de ingresos medios que consuman m\u00e1s de 400 kWh (kilovatios horarios) por mes, a trav\u00e9s de la resoluci\u00f3n 649\/2022 publicada en el Bolet\u00edn Oficial.<\/p>\n<p>De esta forma, no recibir\u00e1n subsidios y pagar\u00e1n la tarifa plena los consumos realizados desde el 1 de septiembre de 2022 que excedan el umbral de 400 kWh mensuales de quienes se han categorizado en el nivel 3 (de ingresos medios, de entre $ 104.216,80 y $ 354.748,80) del Registro de Acceso a los Subsidios a la Energ\u00eda (RASE). Es decir, el consumo que exceda ese tope pasar\u00e1 a pagar la misma tarifa -exenta de subsidios- que paga el Nivel 1, integrado por los usuarios de mayores ingresos.<\/p>\n<p>Seg\u00fan indic\u00f3 d\u00edas atr\u00e1s la secretaria de Energ\u00eda, Flavia Royon, el l\u00edmite de consumo de 400 kWh mensuales es \u201cgeneroso\u201d porque de los 9 millones de hogares que solicitaron mantener subsidios de luz y gas, \u201cel 80% consume menos que eso\u201d y \u201cun hogar tipo consume entre 200 y 250 kWh\u201d.<\/p>\n<h3 style=\"text-align: center;\"><span style=\"color: #0000ff;\"><em><strong>El consumo de 300 kWh pasar\u00e1 de $1.467 en agosto a $2.285 en septiembre<\/strong><\/em><\/span><\/h3>\n<p>El l\u00edmite rige para todo el pa\u00eds con excepci\u00f3n de las provincias de Misiones, Corrientes, Formosa, Chaco y La Rioja, cuyo tope ser\u00e1 de 550 kWh\/mes debido a que en dichas jurisdicciones la cobertura de gas natural por redes no supera el 25% de los hogares.<\/p>\n<p>El tope apunta a que no haya s\u00f3lo un ahorro de subsidios por la v\u00eda tarifaria sino tambi\u00e9n por el ahorro de energ\u00eda. En ese sentido, la resoluci\u00f3n se\u00f1ala en sus considerandos que \u201cla eficiencia energ\u00e9tica\u201d se entiende como un \u201clineamiento estrat\u00e9gico que debe encontrarse presente en las regulaciones atinentes a la materia, debido al impacto positivo que representa\u201d, y las medidas que la tienen en cuenta \u201cimplican una significativa reducci\u00f3n de las emisiones de di\u00f3xido de carbono y de otros gases de efecto invernadero\u201d.<\/p>\n<p>En su momento, el subsecretario de Energ\u00eda El\u00e9ctrica, Santiago Yanotti, indic\u00f3 que el promedio de consumo a nivel pa\u00eds est\u00e1 por debajo de los 300 kWh, por lo que la mayor\u00eda de los usuarios incluidos en Tarifa 3 continuar\u00e1n teniendo el servicio subsidiado. A modo de ejemplo, coment\u00f3 que el importe b\u00e1sico (sin impuestos) por un consumo de 300 kWh pasar\u00e1 de $1.467 en agosto a $2.285 en septiembre considerando un usuario de la distribuidora Edesur. El incremento ser\u00eda del 56%, o unos $818<strong>(VW)<\/strong>.<\/p>\n","protected":false},"excerpt":{"rendered":"<p>Quienes superen ese valor pagar\u00e1n la tarifa plena. Aseguran que el consumo promedio a nivel pa\u00eds est\u00e1 por debajo de los 300 kWh.<\/p>\n","protected":false},"author":3,"featured_media":4785,"comment_status":"closed","ping_status":"closed","sticky":false,"template":"","format":"standard","meta":{"_monsterinsights_skip_tracking":false,"_monsterinsights_sitenote_active":false,"_monsterinsights_sitenote_note":"","_monsterinsights_sitenote_category":0,"footnotes":""},"categories":[8],"tags":[131,195,871],"class_list":["post-7263","post","type-post","status-publish","format-standard","has-post-thumbnail","hentry","category-interes-general","tag-consumo","tag-energia","tag-subsidios"],"_links":{"self":[{"href":"https:\/\/www.visionweb.com.ar\/index.php?rest_route=\/wp\/v2\/posts\/7263","targetHints":{"allow":["GET"]}}],"collection":[{"href":"https:\/\/www.visionweb.com.ar\/index.php?rest_route=\/wp\/v2\/posts"}],"about":[{"href":"https:\/\/www.visionweb.com.ar\/index.php?rest_route=\/wp\/v2\/types\/post"}],"author":[{"embeddable":true,"href":"https:\/\/www.visionweb.com.ar\/index.php?rest_route=\/wp\/v2\/users\/3"}],"replies":[{"embeddable":true,"href":"https:\/\/www.visionweb.com.ar\/index.php?rest_route=%2Fwp%2Fv2%2Fcomments&post=7263"}],"version-history":[{"count":1,"href":"https:\/\/www.visionweb.com.ar\/index.php?rest_route=\/wp\/v2\/posts\/7263\/revisions"}],"predecessor-version":[{"id":7264,"href":"https:\/\/www.visionweb.com.ar\/index.php?rest_route=\/wp\/v2\/posts\/7263\/revisions\/7264"}],"wp:featuredmedia":[{"embeddable":true,"href":"https:\/\/www.visionweb.com.ar\/index.php?rest_route=\/wp\/v2\/media\/4785"}],"wp:attachment":[{"href":"https:\/\/www.visionweb.com.ar\/index.php?rest_route=%2Fwp%2Fv2%2Fmedia&parent=7263"}],"wp:term":[{"taxonomy":"category","embeddable":true,"href":"https:\/\/www.visionweb.com.ar\/index.php?rest_route=%2Fwp%2Fv2%2Fcategories&post=7263"},{"taxonomy":"post_tag","embeddable":true,"href":"https:\/\/www.visionweb.com.ar\/index.php?rest_route=%2Fwp%2Fv2%2Ftags&post=7263"}],"curies":[{"name":"wp","href":"https:\/\/api.w.org\/{rel}","templated":true}]}}