{"id":7259,"date":"2022-09-15T11:22:57","date_gmt":"2022-09-15T14:22:57","guid":{"rendered":"https:\/\/www.visionweb.com.ar\/?p=7259"},"modified":"2022-09-15T11:22:57","modified_gmt":"2022-09-15T14:22:57","slug":"indec-la-inflacion-acumulo-7-en-agosto","status":"publish","type":"post","link":"https:\/\/www.visionweb.com.ar\/?p=7259","title":{"rendered":"INDEC: La inflaci\u00f3n acumul\u00f3 7% en agosto"},"content":{"rendered":"<p><em><strong>El IPC aument\u00f3 durante agosto 7% respecto a julio, y acumul\u00f3 una suba del 56,4% en los primeros ocho meses del a\u00f1o, inform\u00f3 el Indec. La suba de 78,5% en los \u00faltimos 12 meses, es la\u00a0mayor cifra desde fines de 1991.<\/strong><\/em><!--more--><\/p>\n<p><strong><img loading=\"lazy\" decoding=\"async\" class=\"size-full wp-image-7261 aligncenter\" src=\"https:\/\/www.visionweb.com.ar\/wp-content\/uploads\/2022\/09\/indec-ago-2022.bmp\" alt=\"\" width=\"674\" height=\"413\" \/>E<\/strong>l Instituto Nacional de Estad\u00edsticas y Censos (INDEC) inform\u00f3 ayer el nivel general del \u00cdndice de precios al consumidor (IPC), que aument\u00f3<strong>\u00a0<\/strong><strong>7,0% mensual en agosto de 2022,<\/strong><strong>\u00a0<\/strong>y acumul\u00f3 una variaci\u00f3n de 56,4% en los primeros ocho meses del a\u00f1o. En la comparaci\u00f3n interanual registr\u00f3 un incremento de 78,5%.<\/p>\n<p>Esta escalada de precios de 78,5% en los \u00faltimos 12 meses, es la\u00a0<strong>mayor cifra desde fines de 1991<\/strong>.<\/p>\n<p>Por su parte, el acumulado en los ocho primeros meses de 2022 llega a 56,4%,\u00a0<strong>tambi\u00e9n un m\u00e1ximo en 31 a\u00f1os<\/strong>.<\/p>\n<p>La mayor incidencia en todas las regiones la aport\u00f3 el <strong>incremento de Alimentos y bebidas no alcoh\u00f3licas<\/strong>, con el 7,1%.<\/p>\n<p>Dentro de la divisi\u00f3n, se destac\u00f3 el aumento de Verduras, tub\u00e9rculos y legumbres; Az\u00facar, dulces, chocolate, golosinas, etc.; Frutas; Aceites, grasas y manteca; y Leche, productos l\u00e1cteos y huevos.<\/p>\n<p>Las divisiones con mayor incremento en el mes fueron <strong>Prendas de vestir y calzado (9,9%), <\/strong>Bienes y servicios varios (8,7%), y Equipamiento y mantenimiento del hogar (8,4%). En esta \u00faltima incidi\u00f3 el aumento salarial de trabajadores de casas particulares.<\/p>\n<p>Durante agosto, tambi\u00e9n se destac\u00f3 la suba de la\u00a0cuota de<strong> la medicina prepaga, que incidi\u00f3 en la divisi\u00f3n Salud (5,7%);<\/strong><strong>\u00a0<\/strong>de los servicios de agua y electricidad en algunas regiones del pa\u00eds, que impact\u00f3 en Vivienda, <strong>agua, electricidad, gas<\/strong> y otros combustibles (5,5%); y de los servicios de telefon\u00eda m\u00f3vil en la mayor\u00eda de las regiones, que se vio reflejada en Comunicaci\u00f3n (4,1%).<\/p>\n<p>A su vez, dentro de Transporte (6,8%) impact\u00f3 la\u00a0<strong>suba de tarifas del transporte p\u00fablico<\/strong><strong>, <\/strong>superior en la regi\u00f3n GBA, y el alza de los <strong>combustibles<\/strong> sobre el cierre del per\u00edodo.\u00a0<strong>(VW)<\/strong><\/p>\n<p>&nbsp;<\/p>\n","protected":false},"excerpt":{"rendered":"<p>El IPC aument\u00f3 durante agosto 7% respecto a julio, y acumul\u00f3 una suba del 56,4% en los primeros ocho meses del a\u00f1o, inform\u00f3 el Indec. La suba de 78,5% en los \u00faltimos 12 meses,&#46;&#46;&#46;<\/p>\n","protected":false},"author":4,"featured_media":7261,"comment_status":"closed","ping_status":"closed","sticky":false,"template":"","format":"standard","meta":{"_monsterinsights_skip_tracking":false,"_monsterinsights_sitenote_active":false,"_monsterinsights_sitenote_note":"","_monsterinsights_sitenote_category":0,"footnotes":""},"categories":[6],"tags":[2988,75,327,675],"class_list":["post-7259","post","type-post","status-publish","format-standard","has-post-thumbnail","hentry","category-economia","tag-agosto-2022","tag-indec","tag-ipc","tag-precios-al-consumidor"],"_links":{"self":[{"href":"https:\/\/www.visionweb.com.ar\/index.php?rest_route=\/wp\/v2\/posts\/7259","targetHints":{"allow":["GET"]}}],"collection":[{"href":"https:\/\/www.visionweb.com.ar\/index.php?rest_route=\/wp\/v2\/posts"}],"about":[{"href":"https:\/\/www.visionweb.com.ar\/index.php?rest_route=\/wp\/v2\/types\/post"}],"author":[{"embeddable":true,"href":"https:\/\/www.visionweb.com.ar\/index.php?rest_route=\/wp\/v2\/users\/4"}],"replies":[{"embeddable":true,"href":"https:\/\/www.visionweb.com.ar\/index.php?rest_route=%2Fwp%2Fv2%2Fcomments&post=7259"}],"version-history":[{"count":2,"href":"https:\/\/www.visionweb.com.ar\/index.php?rest_route=\/wp\/v2\/posts\/7259\/revisions"}],"predecessor-version":[{"id":7262,"href":"https:\/\/www.visionweb.com.ar\/index.php?rest_route=\/wp\/v2\/posts\/7259\/revisions\/7262"}],"wp:featuredmedia":[{"embeddable":true,"href":"https:\/\/www.visionweb.com.ar\/index.php?rest_route=\/wp\/v2\/media\/7261"}],"wp:attachment":[{"href":"https:\/\/www.visionweb.com.ar\/index.php?rest_route=%2Fwp%2Fv2%2Fmedia&parent=7259"}],"wp:term":[{"taxonomy":"category","embeddable":true,"href":"https:\/\/www.visionweb.com.ar\/index.php?rest_route=%2Fwp%2Fv2%2Fcategories&post=7259"},{"taxonomy":"post_tag","embeddable":true,"href":"https:\/\/www.visionweb.com.ar\/index.php?rest_route=%2Fwp%2Fv2%2Ftags&post=7259"}],"curies":[{"name":"wp","href":"https:\/\/api.w.org\/{rel}","templated":true}]}}