{"id":7256,"date":"2022-09-15T11:13:48","date_gmt":"2022-09-15T14:13:48","guid":{"rendered":"https:\/\/www.visionweb.com.ar\/?p=7256"},"modified":"2022-09-15T11:13:48","modified_gmt":"2022-09-15T14:13:48","slug":"se-inicia-la-campana-de-vacunacion-contra-sarampion-rubeola-paperas-y-polio","status":"publish","type":"post","link":"https:\/\/www.visionweb.com.ar\/?p=7256","title":{"rendered":"Se inicia la campa\u00f1a de vacunaci\u00f3n contra sarampi\u00f3n, rub\u00e9ola, paperas y polio"},"content":{"rendered":"<p><em><strong>Se vacunar\u00e1n ni\u00f1os y ni\u00f1as de uno a cuatro a\u00f1os inclusive con dosis extra de la vacuna Triple Viral y antipoliomiel\u00edtica inactivada, independientemente, de las dosis recibidas previamente.<\/strong><\/em><!--more--><\/p>\n<p><strong><img loading=\"lazy\" decoding=\"async\" class=\"size-medium wp-image-7257 alignright\" src=\"https:\/\/www.visionweb.com.ar\/wp-content\/uploads\/2022\/09\/VACUNAS-300x168.png\" alt=\"\" width=\"300\" height=\"168\" srcset=\"https:\/\/www.visionweb.com.ar\/wp-content\/uploads\/2022\/09\/VACUNAS-300x168.png 300w, https:\/\/www.visionweb.com.ar\/wp-content\/uploads\/2022\/09\/VACUNAS.png 640w\" sizes=\"auto, (max-width: 300px) 100vw, 300px\" \/>A<\/strong> partir del 1\u00b0 de octubre y hasta el 15 de noviembre, el Ministerio de Salud bonaerense pone en marcha la Campa\u00f1a Nacional de Vacunaci\u00f3n contra el sarampi\u00f3n, la rub\u00e9ola, las paperas y la poliomielitis.<\/p>\n<p>La campa\u00f1a que se realizar\u00e1\u00a0 bajo el lema \u201cVamos a Vacunarnos\u201d alcanzar\u00e1 a ni\u00f1os y ni\u00f1as de uno a cuatro a\u00f1os, inclusive, que recibir\u00e1n una dosis extra de la vacuna Triple Viral.<\/p>\n<p>El objetivo de esta nueva campa\u00f1a es mantener la eliminaci\u00f3n que se logr\u00f3 en el pa\u00eds de sarampi\u00f3n, rub\u00e9ola, s\u00edndrome de rub\u00e9ola cong\u00e9nita y poliomielitis. Estas enfermedades que son muy contagiosas y graves, se pueden prevenir con vacunas gratuitas y obligatorias, que est\u00e1n disponibles en todos los vacunatorios del territorio bonaerense.<\/p>\n<p>Adem\u00e1s, instan a la comunidad a verificar y completar los esquemas del Calendario de Vacunaci\u00f3n, y a los Equipos de Salud, a profundizar la vigilancia epidemiol\u00f3gica y notificar los casos sospechosos.<\/p>\n<h3 style=\"text-align: center;\"><span style=\"color: #0000ff;\"><em><strong>Recomiendan completar los esquemas de vacunaci\u00f3n<\/strong><\/em><\/span><\/h3>\n<p>El sarampi\u00f3n es una enfermedad viral que se contagia f\u00e1cilmente por v\u00eda respiratoria. Se manifiesta con manchas en la piel y fiebre. Ante la presencia de estos s\u00edntomas es importante consultar en el centro de salud m\u00e1s cercano a nuestro domicilio.<\/p>\n<p>Las y los ni\u00f1es mayores de 13 meses, adolescentes y personas nacidas despu\u00e9s de 1965 deben acreditar dos dosis.<\/p>\n<p>Las coberturas de vacunaci\u00f3n en Argentina registraron un descenso gradual y progresivo en el per\u00edodo 2015 y 2019, que se acrecent\u00f3 por la pandemia de COVID-19.<\/p>\n<p>Por eso, en esta nueva campa\u00f1a se realizar\u00e1n estrategias de vacunaci\u00f3n en jardines y otras instituciones donde transitan ni\u00f1os y ni\u00f1as, y la importancia de sostener la vacunaci\u00f3n, verificar y completar los esquemas del Calendario Nacional de Vacunaci\u00f3n.<\/p>\n<p>Podr\u00e1n vacunarse en cualquier vacunatorio de la provincia de Buenos Aires, tanto en los Centros de Vacunaci\u00f3n regulares como en los Vacunatorios de la Campa\u00f1a Covid-19.<\/p>\n<p>Las vacunas aplicadas en la campa\u00f1a de vacunaci\u00f3n, la vacuna contra COVID-19 y todas las vacunas del calendario se pueden aplicar en forma simult\u00e1nea.<\/p>\n<p>La cartera sanitaria insta tambi\u00e9n a los Equipos de Salud intensificar la vigilancia epidemiol\u00f3gica de toda enfermedad febril exantem\u00e1tica (EFE) y notificar r\u00e1pidamente dentro de las 24 horas de la sospecha e implementar acciones de control para evitar su propagaci\u00f3n.<\/p>\n<p>Se trata de un caso sospecho de enfermedad febril exantem\u00e1tica cuando todo paciente de cualquier edad, con fiebre (mayor a 38\u00b0 C) y exantema o bien que un trabajador de la salud sospeche de sarampi\u00f3n.<\/p>\n<p>Para m\u00e1s informaci\u00f3n se puede ingresar en\u00a0<em>www.gba.gob.ar\/vacunacion<strong>(VW)<\/strong><\/em><\/p>\n","protected":false},"excerpt":{"rendered":"<p>Se vacunar\u00e1n ni\u00f1os y ni\u00f1as de uno a cuatro a\u00f1os inclusive con dosis extra de la vacuna Triple Viral y antipoliomiel\u00edtica inactivada, independientemente, de las dosis recibidas previamente.<\/p>\n","protected":false},"author":3,"featured_media":7257,"comment_status":"closed","ping_status":"closed","sticky":false,"template":"","format":"standard","meta":{"_monsterinsights_skip_tracking":false,"_monsterinsights_sitenote_active":false,"_monsterinsights_sitenote_note":"","_monsterinsights_sitenote_category":0,"footnotes":""},"categories":[5],"tags":[1459,2987,2887,339],"class_list":["post-7256","post","type-post","status-publish","format-standard","has-post-thumbnail","hentry","category-sociedad","tag-doble-dosis","tag-ninas","tag-ninos","tag-vacunacion"],"_links":{"self":[{"href":"https:\/\/www.visionweb.com.ar\/index.php?rest_route=\/wp\/v2\/posts\/7256","targetHints":{"allow":["GET"]}}],"collection":[{"href":"https:\/\/www.visionweb.com.ar\/index.php?rest_route=\/wp\/v2\/posts"}],"about":[{"href":"https:\/\/www.visionweb.com.ar\/index.php?rest_route=\/wp\/v2\/types\/post"}],"author":[{"embeddable":true,"href":"https:\/\/www.visionweb.com.ar\/index.php?rest_route=\/wp\/v2\/users\/3"}],"replies":[{"embeddable":true,"href":"https:\/\/www.visionweb.com.ar\/index.php?rest_route=%2Fwp%2Fv2%2Fcomments&post=7256"}],"version-history":[{"count":1,"href":"https:\/\/www.visionweb.com.ar\/index.php?rest_route=\/wp\/v2\/posts\/7256\/revisions"}],"predecessor-version":[{"id":7258,"href":"https:\/\/www.visionweb.com.ar\/index.php?rest_route=\/wp\/v2\/posts\/7256\/revisions\/7258"}],"wp:featuredmedia":[{"embeddable":true,"href":"https:\/\/www.visionweb.com.ar\/index.php?rest_route=\/wp\/v2\/media\/7257"}],"wp:attachment":[{"href":"https:\/\/www.visionweb.com.ar\/index.php?rest_route=%2Fwp%2Fv2%2Fmedia&parent=7256"}],"wp:term":[{"taxonomy":"category","embeddable":true,"href":"https:\/\/www.visionweb.com.ar\/index.php?rest_route=%2Fwp%2Fv2%2Fcategories&post=7256"},{"taxonomy":"post_tag","embeddable":true,"href":"https:\/\/www.visionweb.com.ar\/index.php?rest_route=%2Fwp%2Fv2%2Ftags&post=7256"}],"curies":[{"name":"wp","href":"https:\/\/api.w.org\/{rel}","templated":true}]}}