{"id":7251,"date":"2022-09-15T10:51:06","date_gmt":"2022-09-15T13:51:06","guid":{"rendered":"https:\/\/www.visionweb.com.ar\/?p=7251"},"modified":"2022-09-15T10:51:06","modified_gmt":"2022-09-15T13:51:06","slug":"acumar-presento-el-plan-de-contingencias-ante-inundaciones-para-lomas-de-zamora","status":"publish","type":"post","link":"https:\/\/www.visionweb.com.ar\/?p=7251","title":{"rendered":"ACUMAR present\u00f3 el Plan de Contingencias ante Inundaciones para Lomas de Zamora"},"content":{"rendered":"<p><em><strong>El proyecto se lanz\u00f3 esta semana en Lomas, y ya est\u00e1 en marcha en Ca\u00f1uelas y Esteban Echeverr\u00eda. \u201cEstas acciones apuntan a trabajar desde la prevenci\u00f3n ante posibles inundaciones\u201d, dijo Sabbatella.<\/strong><\/em><!--more--><\/p>\n<div id=\"attachment_7253\" style=\"width: 604px\" class=\"wp-caption aligncenter\"><img loading=\"lazy\" decoding=\"async\" aria-describedby=\"caption-attachment-7253\" class=\"wp-image-7253 size-full\" src=\"https:\/\/www.visionweb.com.ar\/wp-content\/uploads\/2022\/09\/acumar-plan-contingencia-lomas.bmp\" alt=\"\" width=\"594\" height=\"397\" \/><p id=\"caption-attachment-7253\" class=\"wp-caption-text\">El plan incluye la asistencia a los gobiernos locales para la prevenci\u00f3n de posibles inundaciones. (Fotos: Prensa Acumar.gov.ar)<\/p><\/div>\n<p><strong>E<\/strong>l programa de Planes Municipales de Contingencia ante Inundaciones de\u00a0ACUMAR<strong>\u00a0<\/strong>tuvo un nuevo avance la \u00faltima semana tras la presentaci\u00f3n de la iniciativa en el municipio de Lomas de Zamora.<\/p>\n<p>La propuesta consiste en un <strong>trabajo articulado con los gobiernos locales y la comunidad<\/strong> para incrementar las capacidades de los distritos para <strong>mitigar o reducir los efectos de posibles inundaciones en la Cuenca Matanza Riachuelo<\/strong>, conforme indic\u00f3 Prensa de ACUMAR.<\/p>\n<p>La presentaci\u00f3n se realiz\u00f3 en el sal\u00f3n municipal Eva Per\u00f3n, donde estuvieron presentes el coordinador del Plan de Manejo H\u00eddrico Cuenca Matanza Riachuelo de la Autoridad de Cuenca, Christian Dibitetto; el secretario de Ambiente y Desarrollo Sostenible del municipio, Emiliano Baloira; el secretario de Obras P\u00fablicas, Emiliano Piergiovanni, y el director de Defensa Civil, Cristian Green, entre otras personas representantes de los equipos locales de respuesta ante emergencias.<\/p>\n<p><a href=\"https:\/\/www.visionweb.com.ar\/wp-content\/uploads\/2022\/09\/acumar-pla-contingencias.bmp\"><img loading=\"lazy\" decoding=\"async\" class=\"size-full wp-image-7254 aligncenter\" src=\"https:\/\/www.visionweb.com.ar\/wp-content\/uploads\/2022\/09\/acumar-pla-contingencias.bmp\" alt=\"\" width=\"658\" height=\"392\" \/><\/a>En ese marco, el presidente de\u00a0ACUMAR, Mart\u00edn Sabbatella, destac\u00f3 que: \u201cEstas acciones, que <strong>son parte del Plan de Manejo H\u00eddrico de la Cuenca<\/strong>, <strong>apuntan a trabajar desde la prevenci\u00f3n<\/strong>, preparando a la comunidad y asistiendo a los gobiernos locales para que dispongan de la mayor cantidad y calidad de herramientas para prever escenarios posibles de inundaciones y para planificar y gestionar eficientemente los recursos disponibles ante una potencial emergencia\u201d.<\/p>\n<p>Por su parte, el programa contin\u00faa su desarrollo en otros dos distritos. En <strong>Ca\u00f1uelas<\/strong> ya est\u00e1 en marcha la <strong>etapa de capacitaciones<\/strong>, tanto a representantes del municipio como a la comunidad, a trav\u00e9s de talleres que brinda\u00a0ACUMAR<strong>\u00a0<\/strong>junto a personal especializado de la Universidad Nacional de San Mart\u00edn (UNSAM). Por otro lado, los espacios de formaci\u00f3n comenzar\u00e1n en Esteban Echeverr\u00eda a fin de este mes. <strong>(VW)<\/strong><\/p>\n<p>&nbsp;<\/p>\n","protected":false},"excerpt":{"rendered":"<p>El proyecto se lanz\u00f3 esta semana en Lomas, y ya est\u00e1 en marcha en Ca\u00f1uelas y Esteban Echeverr\u00eda. \u201cEstas acciones apuntan a trabajar desde la prevenci\u00f3n ante posibles inundaciones\u201d, dijo Sabbatella.<\/p>\n","protected":false},"author":4,"featured_media":7254,"comment_status":"closed","ping_status":"closed","sticky":false,"template":"","format":"standard","meta":{"_monsterinsights_skip_tracking":false,"_monsterinsights_sitenote_active":false,"_monsterinsights_sitenote_note":"","_monsterinsights_sitenote_category":0,"footnotes":""},"categories":[8,5],"tags":[442,2655,318,2986,2305],"class_list":["post-7251","post","type-post","status-publish","format-standard","has-post-thumbnail","hentry","category-interes-general","category-sociedad","tag-acumar","tag-inundaciones","tag-lomas-de-zamora","tag-plan-de-contingencias","tag-sabbatella"],"_links":{"self":[{"href":"https:\/\/www.visionweb.com.ar\/index.php?rest_route=\/wp\/v2\/posts\/7251","targetHints":{"allow":["GET"]}}],"collection":[{"href":"https:\/\/www.visionweb.com.ar\/index.php?rest_route=\/wp\/v2\/posts"}],"about":[{"href":"https:\/\/www.visionweb.com.ar\/index.php?rest_route=\/wp\/v2\/types\/post"}],"author":[{"embeddable":true,"href":"https:\/\/www.visionweb.com.ar\/index.php?rest_route=\/wp\/v2\/users\/4"}],"replies":[{"embeddable":true,"href":"https:\/\/www.visionweb.com.ar\/index.php?rest_route=%2Fwp%2Fv2%2Fcomments&post=7251"}],"version-history":[{"count":2,"href":"https:\/\/www.visionweb.com.ar\/index.php?rest_route=\/wp\/v2\/posts\/7251\/revisions"}],"predecessor-version":[{"id":7255,"href":"https:\/\/www.visionweb.com.ar\/index.php?rest_route=\/wp\/v2\/posts\/7251\/revisions\/7255"}],"wp:featuredmedia":[{"embeddable":true,"href":"https:\/\/www.visionweb.com.ar\/index.php?rest_route=\/wp\/v2\/media\/7254"}],"wp:attachment":[{"href":"https:\/\/www.visionweb.com.ar\/index.php?rest_route=%2Fwp%2Fv2%2Fmedia&parent=7251"}],"wp:term":[{"taxonomy":"category","embeddable":true,"href":"https:\/\/www.visionweb.com.ar\/index.php?rest_route=%2Fwp%2Fv2%2Fcategories&post=7251"},{"taxonomy":"post_tag","embeddable":true,"href":"https:\/\/www.visionweb.com.ar\/index.php?rest_route=%2Fwp%2Fv2%2Ftags&post=7251"}],"curies":[{"name":"wp","href":"https:\/\/api.w.org\/{rel}","templated":true}]}}