{"id":7247,"date":"2022-09-15T10:06:40","date_gmt":"2022-09-15T13:06:40","guid":{"rendered":"https:\/\/www.visionweb.com.ar\/?p=7247"},"modified":"2022-09-15T10:06:40","modified_gmt":"2022-09-15T13:06:40","slug":"almirante-brown-la-unab-financiara-proyectos-que-aborden-problematicas-locales","status":"publish","type":"post","link":"https:\/\/www.visionweb.com.ar\/?p=7247","title":{"rendered":"Almirante Brown: La UNAB financiar\u00e1 proyectos que aborden problem\u00e1ticas locales"},"content":{"rendered":"<p><em><strong>Bajo la consigna \u201ccon la comunidad y para la comunidad\u201d, <\/strong><strong>la UNaB<\/strong><strong> lanz\u00f3 la primer convocatoria para financiar proyectos de Extensi\u00f3n con impacto en la comunidad de la regi\u00f3n.<\/strong><\/em><strong>\u00a0<\/strong><!--more--><\/p>\n<p><strong><img loading=\"lazy\" decoding=\"async\" class=\"size-full wp-image-7249 aligncenter\" src=\"https:\/\/www.visionweb.com.ar\/wp-content\/uploads\/2022\/09\/Unab-proyecto-de-extension.bmp\" alt=\"\" width=\"504\" height=\"503\" \/>L<\/strong>a Universidad Nacional Guillermo Brown (UNaB) lanz\u00f3 su primera convocatoria para <strong>docentes y estudiantes<\/strong> de esa casa de estudios, quienes\u00a0<strong>hasta el 30 de septiembre<\/strong><strong>\u00a0<\/strong>podr\u00e1n presentar proyectos de extensi\u00f3n con impacto en la comunidad de Almirante Brown y la regi\u00f3n.<\/p>\n<p>El objetivo de estos proyectos de extensi\u00f3n es abordar <strong>problem\u00e1ticas concretas del territorio<\/strong>, a partir de las capacidades de esa comunidad universitaria, para conformar <strong>equipos interdisciplinarios de docentes, estudiantes y graduados<\/strong>.<\/p>\n<p>En esa l\u00ednea, la Secretar\u00eda de Extensi\u00f3n y Bienestar inform\u00f3 a trav\u00e9s de un comunicado, que la UNaB financiar\u00e1 hasta $3.000.000 para la ejecuci\u00f3n de proyectos que deben ser\u00a0<strong>\u201ccon la comunidad y para la comunidad\u201d<\/strong><strong>.<\/strong><\/p>\n<p>Las tem\u00e1ticas de los proyectos a presentar deber\u00e1n encuadrarse en las siguientes \u00e1reas:<\/p>\n<p>Soluciones tecnol\u00f3gicas a problem\u00e1ticas sociales y productivas.<\/p>\n<p>Promoci\u00f3n, prevenci\u00f3n y atenci\u00f3n de la salud.<\/p>\n<p>H\u00e1bitat y ambiente.<\/p>\n<p>Comunicaci\u00f3n, cultura y educaci\u00f3n.<\/p>\n<p>G\u00e9nero y diversidades.<\/p>\n<p>Desarrollo local.<\/p>\n<p>Los interesados podr\u00e1n participar de la charla informativa virtual que se llevar\u00e1 a cabo el pr\u00f3ximo viernes 16 de septiembre a las 14 para lo cual deber\u00e1n\u00a0<a href=\"https:\/\/forms.gle\/bjxjNkcaM6aMHZX26\">inscribirse en este enlace<\/a>.<\/p>\n<p>Quienes tengan dudas o precisen realizar alguna consulta adicional pueden hacerlo a\u00a0<a href=\"mailto:proyectos_ext@unab.edu.ar\">proyectos_ext@unab.edu.ar<\/a> . <strong>(VW)<\/strong><\/p>\n<p>&nbsp;<\/p>\n","protected":false},"excerpt":{"rendered":"<p>Bajo la consigna \u201ccon la comunidad y para la comunidad\u201d, la UNaB lanz\u00f3 la primer convocatoria para financiar proyectos de Extensi\u00f3n con impacto en la comunidad de la regi\u00f3n.\u00a0<\/p>\n","protected":false},"author":4,"featured_media":7249,"comment_status":"closed","ping_status":"closed","sticky":false,"template":"","format":"standard","meta":{"_monsterinsights_skip_tracking":false,"_monsterinsights_sitenote_active":false,"_monsterinsights_sitenote_note":"","_monsterinsights_sitenote_category":0,"footnotes":""},"categories":[7,5],"tags":[658,2985,2090,2984],"class_list":["post-7247","post","type-post","status-publish","format-standard","has-post-thumbnail","hentry","category-educacion-y-cultura","category-sociedad","tag-almirante-brown","tag-financiara-proyectos","tag-unab","tag-universidad-guillermo-brown"],"_links":{"self":[{"href":"https:\/\/www.visionweb.com.ar\/index.php?rest_route=\/wp\/v2\/posts\/7247","targetHints":{"allow":["GET"]}}],"collection":[{"href":"https:\/\/www.visionweb.com.ar\/index.php?rest_route=\/wp\/v2\/posts"}],"about":[{"href":"https:\/\/www.visionweb.com.ar\/index.php?rest_route=\/wp\/v2\/types\/post"}],"author":[{"embeddable":true,"href":"https:\/\/www.visionweb.com.ar\/index.php?rest_route=\/wp\/v2\/users\/4"}],"replies":[{"embeddable":true,"href":"https:\/\/www.visionweb.com.ar\/index.php?rest_route=%2Fwp%2Fv2%2Fcomments&post=7247"}],"version-history":[{"count":2,"href":"https:\/\/www.visionweb.com.ar\/index.php?rest_route=\/wp\/v2\/posts\/7247\/revisions"}],"predecessor-version":[{"id":7250,"href":"https:\/\/www.visionweb.com.ar\/index.php?rest_route=\/wp\/v2\/posts\/7247\/revisions\/7250"}],"wp:featuredmedia":[{"embeddable":true,"href":"https:\/\/www.visionweb.com.ar\/index.php?rest_route=\/wp\/v2\/media\/7249"}],"wp:attachment":[{"href":"https:\/\/www.visionweb.com.ar\/index.php?rest_route=%2Fwp%2Fv2%2Fmedia&parent=7247"}],"wp:term":[{"taxonomy":"category","embeddable":true,"href":"https:\/\/www.visionweb.com.ar\/index.php?rest_route=%2Fwp%2Fv2%2Fcategories&post=7247"},{"taxonomy":"post_tag","embeddable":true,"href":"https:\/\/www.visionweb.com.ar\/index.php?rest_route=%2Fwp%2Fv2%2Ftags&post=7247"}],"curies":[{"name":"wp","href":"https:\/\/api.w.org\/{rel}","templated":true}]}}