{"id":7242,"date":"2022-09-14T12:56:13","date_gmt":"2022-09-14T15:56:13","guid":{"rendered":"https:\/\/www.visionweb.com.ar\/?p=7242"},"modified":"2022-09-14T12:56:13","modified_gmt":"2022-09-14T15:56:13","slug":"larreta-anuncio-el-proximo-calendario-escolar-en-el-que-habra-192-dias-de-clases","status":"publish","type":"post","link":"https:\/\/www.visionweb.com.ar\/?p=7242","title":{"rendered":"Larreta anunci\u00f3 el pr\u00f3ximo calendario escolar en el que habr\u00e1 192 d\u00edas de clases"},"content":{"rendered":"<p><em><strong>Las clases en CABA comenzar\u00e1n el 27 de febrero para todos los niveles y las capacitaciones docentes ser\u00e1n los s\u00e1bados. Son 12 d\u00edas m\u00e1s que el calendario nacional obligatorio.<\/strong><\/em><strong>\u00a0<\/strong><!--more--><\/p>\n<div id=\"attachment_7244\" style=\"width: 705px\" class=\"wp-caption aligncenter\"><img loading=\"lazy\" decoding=\"async\" aria-describedby=\"caption-attachment-7244\" class=\"wp-image-7244 size-full\" src=\"https:\/\/www.visionweb.com.ar\/wp-content\/uploads\/2022\/09\/clases-caba-foto-bsas.gob_.ar_.bmp\" alt=\"\" width=\"695\" height=\"425\" \/><p id=\"caption-attachment-7244\" class=\"wp-caption-text\">En 2023 habr\u00e1 192 d\u00edas de clases, que terminar\u00e1n el 22 de diciembre. (Foto: buenosaires.gob.ar)<\/p><\/div>\n<p><strong>E<\/strong>l jefe de Gobierno porte\u00f1o,\u00a0<strong>Horacio Rodr\u00edguez Larreta, oficializ\u00f3 el cronograma del ciclo lectivo 2023, que comenzar\u00e1 el 27 de febrero y culminar\u00e1 el 22 de diciembre<\/strong><strong>\u00a0<\/strong>para \u201cllegar a los 192 d\u00edas de clase\u201d, y asegur\u00f3 que <strong>\u201cno se perder\u00e1n d\u00edas de clase por capacitaci\u00f3n docente\u201d<\/strong>.<\/p>\n<p>En una conferencia de prensa de ayer martes, en la sede del Ministerio de Educaci\u00f3n porte\u00f1o, ubicado en el barrio Padre Carlos Mujica, Rodr\u00edguez Larreta, anunci\u00f3: \u201cSiempre dijimos que nuestro plan de recuperaci\u00f3n de aprendizajes, que iba a durar tres a\u00f1os, inclu\u00eda esto de sumar m\u00e1s d\u00edas de clases. En el 2023, las clases empiezan el 27 de febrero y terminan el 22 de diciembre\u201d, indic\u00f3.<\/p>\n<p><strong>En concordancia a lo que sucedi\u00f3 este a\u00f1o, el Gobierno porte\u00f1o apunta a \u201cllegar a los 192 d\u00edas de clase\u201d<\/strong>, lo que significa que en la Ciudad habr\u00e1 \u201c12 d\u00edas m\u00e1s que los que indica el calendario nacional\u201d.<\/p>\n<p>Para lograrlo, la administraci\u00f3n de Rodr\u00edguez Larreta <strong>reducir\u00e1 \u201clas jornadas que los chicos pierden por la mejora institucional,<\/strong>\u00a0que es <strong>la capacitaci\u00f3n de los docentes<\/strong>\u201d.<\/p>\n<p>En esa l\u00ednea, <strong>los docentes deber\u00e1n retornar a las aulas el 6 de febrero<\/strong>: \u201cA partir del a\u00f1o pr\u00f3ximo <strong>no se va a perder ning\u00fan d\u00eda por jornadas de capacitaci\u00f3n de los docentes, que se van a hacer los d\u00edas s\u00e1bado<\/strong>\u201d, detall\u00f3 el Jefe de Gobierno porte\u00f1o.<\/p>\n<p>Seg\u00fan explic\u00f3, tres de las cinco jornadas denominadas Espacios para la Mejora Institucional (EMI) se desarrollar\u00e1n durante s\u00e1bados del a\u00f1o pr\u00f3ximo. \u201cEsta decisi\u00f3n supone una inversi\u00f3n adicional porque vamos a afrontar el pago extra a todos los docentes por ir los s\u00e1bados\u201d, inform\u00f3 Larreta.<\/p>\n<p>En tanto, los establecimientos privados deber\u00e1n presentar ante el Gobierno porte\u00f1o \u201cun plan comunicando el cronograma en el que van a realizar estas jornadas\u201d. \u201cEl compromiso con ellos empieza con lo m\u00e1s elemental que es garantizar que los chicos est\u00e9n en la escuela, que est\u00e9n presencialmente y que est\u00e9n el mayor tiempo posible\u201d, concluy\u00f3.<\/p>\n<p>Vale recordar que hace algunos d\u00edas,\u00a0Larreta anunci\u00f3 que la jornada \u201cperdida\u201d por el feriado del 2 de septiembre, tras el atentado contra la vicepresidenta Cristina Fern\u00e1ndez de Kirchner, se recuperar\u00e1 en octubre pr\u00f3ximo. <strong>(VW)<\/strong><\/p>\n","protected":false},"excerpt":{"rendered":"<p>Las clases en CABA comenzar\u00e1n el 27 de febrero para todos los niveles y las capacitaciones docentes ser\u00e1n los s\u00e1bados. Son 12 d\u00edas m\u00e1s que el calendario nacional obligatorio.\u00a0<\/p>\n","protected":false},"author":4,"featured_media":7244,"comment_status":"closed","ping_status":"closed","sticky":false,"template":"","format":"standard","meta":{"_monsterinsights_skip_tracking":false,"_monsterinsights_sitenote_active":false,"_monsterinsights_sitenote_note":"","_monsterinsights_sitenote_category":0,"footnotes":""},"categories":[7],"tags":[2983,323,2981,2982,1073],"class_list":["post-7242","post","type-post","status-publish","format-standard","has-post-thumbnail","hentry","category-educacion-y-cultura","tag-192-dias-de-clases","tag-calendario","tag-clases-en-caba","tag-jornadas-los-sabados","tag-rodriguez-larreta"],"_links":{"self":[{"href":"https:\/\/www.visionweb.com.ar\/index.php?rest_route=\/wp\/v2\/posts\/7242","targetHints":{"allow":["GET"]}}],"collection":[{"href":"https:\/\/www.visionweb.com.ar\/index.php?rest_route=\/wp\/v2\/posts"}],"about":[{"href":"https:\/\/www.visionweb.com.ar\/index.php?rest_route=\/wp\/v2\/types\/post"}],"author":[{"embeddable":true,"href":"https:\/\/www.visionweb.com.ar\/index.php?rest_route=\/wp\/v2\/users\/4"}],"replies":[{"embeddable":true,"href":"https:\/\/www.visionweb.com.ar\/index.php?rest_route=%2Fwp%2Fv2%2Fcomments&post=7242"}],"version-history":[{"count":2,"href":"https:\/\/www.visionweb.com.ar\/index.php?rest_route=\/wp\/v2\/posts\/7242\/revisions"}],"predecessor-version":[{"id":7245,"href":"https:\/\/www.visionweb.com.ar\/index.php?rest_route=\/wp\/v2\/posts\/7242\/revisions\/7245"}],"wp:featuredmedia":[{"embeddable":true,"href":"https:\/\/www.visionweb.com.ar\/index.php?rest_route=\/wp\/v2\/media\/7244"}],"wp:attachment":[{"href":"https:\/\/www.visionweb.com.ar\/index.php?rest_route=%2Fwp%2Fv2%2Fmedia&parent=7242"}],"wp:term":[{"taxonomy":"category","embeddable":true,"href":"https:\/\/www.visionweb.com.ar\/index.php?rest_route=%2Fwp%2Fv2%2Fcategories&post=7242"},{"taxonomy":"post_tag","embeddable":true,"href":"https:\/\/www.visionweb.com.ar\/index.php?rest_route=%2Fwp%2Fv2%2Ftags&post=7242"}],"curies":[{"name":"wp","href":"https:\/\/api.w.org\/{rel}","templated":true}]}}