{"id":7234,"date":"2022-09-14T11:29:11","date_gmt":"2022-09-14T14:29:11","guid":{"rendered":"https:\/\/www.visionweb.com.ar\/?p=7234"},"modified":"2022-09-14T11:29:11","modified_gmt":"2022-09-14T14:29:11","slug":"lanus-el-viernes-llega-el-municipio-en-tu-barrio-a-gerli","status":"publish","type":"post","link":"https:\/\/www.visionweb.com.ar\/?p=7234","title":{"rendered":"Lan\u00fas: El viernes llega el \u201cMunicipio en tu Barrio\u201d a Gerli"},"content":{"rendered":"<p><em><strong>Las diferentes \u00e1reas de Gobierno local se trasladan a Gerli para brindar atenci\u00f3n personalizada sobre diversos temas como \u00a0Ni\u00f1ez, Discapacidad, Adultos Mayores, vacunaci\u00f3n y tr\u00e1mites varios, entre otros.<\/strong><\/em><strong>\u00a0<\/strong><!--more--><\/p>\n<p><strong><img loading=\"lazy\" decoding=\"async\" class=\"size-medium wp-image-7236 alignright\" src=\"https:\/\/www.visionweb.com.ar\/wp-content\/uploads\/2022\/09\/lanus-municp-en-gerli-300x300.jpg\" alt=\"\" width=\"300\" height=\"300\" srcset=\"https:\/\/www.visionweb.com.ar\/wp-content\/uploads\/2022\/09\/lanus-municp-en-gerli-300x300.jpg 300w, https:\/\/www.visionweb.com.ar\/wp-content\/uploads\/2022\/09\/lanus-municp-en-gerli-150x150.jpg 150w, https:\/\/www.visionweb.com.ar\/wp-content\/uploads\/2022\/09\/lanus-municp-en-gerli-80x80.jpg 80w, https:\/\/www.visionweb.com.ar\/wp-content\/uploads\/2022\/09\/lanus-municp-en-gerli-320x320.jpg 320w, https:\/\/www.visionweb.com.ar\/wp-content\/uploads\/2022\/09\/lanus-municp-en-gerli-65x65.jpg 65w, https:\/\/www.visionweb.com.ar\/wp-content\/uploads\/2022\/09\/lanus-municp-en-gerli.jpg 586w\" sizes=\"auto, (max-width: 300px) 100vw, 300px\" \/>E<\/strong>l Municipio de Lan\u00fas ofrecer\u00e1 el pr\u00f3ximo viernes 16 de septiembre nueva jornada del programa \u00abEl Municipio en tu Barrio\u00bb. En esta ocasi\u00f3n ser\u00e1 en el Club Alborada, ubicado en Enrique Fern\u00e1ndez y Colombia, Gerli, para brindar asesoramiento y atenci\u00f3n gratuita a los vecinos sobre distintas tem\u00e1ticas del \u00e1mbito municipal.<\/p>\n<p>La actividad, que se desarrollar\u00e1 en el horario de 10 a 13.30 hs., contar\u00e1 con la presencia de las \u00e1reas de Salud, Desarrollo Social Defensa Civil, Espacios y Servicios P\u00fablicos, Gobierno, Empleo, Justicia, Defensor\u00eda del Pueblo, Asuntos Legislativos, Relaciones con la Comunidad, Vialidad, Defensa al Consumidor y Emprendedores, inform\u00f3 Prensa de Lan\u00fas.<\/p>\n<p>Entre los servicios esenciales que podr\u00e1n gestionarse, figuran\u00a0Asistencia Cr\u00edtica, Plan M\u00e1s Vida, G\u00e9nero, Ni\u00f1ez, Discapacidad, Adultos Mayores, vacunaci\u00f3n, enfermer\u00eda, cl\u00ednica m\u00e9dica, capacitaci\u00f3n sobre RCP, escrituraci\u00f3n y regularizaci\u00f3n dominial.<\/p>\n<p>Adem\u00e1s, se recibir\u00e1n residuos limpios y secos para su reciclaje y posterior reutilizaci\u00f3n en el Punto Verde que funcionar\u00e1 en el lugar con el fin de concientizar a la poblaci\u00f3n sobre la importancia del cuidado del medioambiente. <strong>(VW)<\/strong><\/p>\n<p>&nbsp;<\/p>\n","protected":false},"excerpt":{"rendered":"<p>Las diferentes \u00e1reas de Gobierno local se trasladan a Gerli para brindar atenci\u00f3n personalizada sobre diversos temas como \u00a0Ni\u00f1ez, Discapacidad, Adultos Mayores, vacunaci\u00f3n y tr\u00e1mites varios, entre otros.\u00a0<\/p>\n","protected":false},"author":4,"featured_media":7236,"comment_status":"closed","ping_status":"closed","sticky":false,"template":"","format":"standard","meta":{"_monsterinsights_skip_tracking":false,"_monsterinsights_sitenote_active":false,"_monsterinsights_sitenote_note":"","_monsterinsights_sitenote_category":0,"footnotes":""},"categories":[8,5],"tags":[2522,2977,19],"class_list":["post-7234","post","type-post","status-publish","format-standard","has-post-thumbnail","hentry","category-interes-general","category-sociedad","tag-el-municipio-en-tu-barrio","tag-gerli","tag-lanus"],"_links":{"self":[{"href":"https:\/\/www.visionweb.com.ar\/index.php?rest_route=\/wp\/v2\/posts\/7234","targetHints":{"allow":["GET"]}}],"collection":[{"href":"https:\/\/www.visionweb.com.ar\/index.php?rest_route=\/wp\/v2\/posts"}],"about":[{"href":"https:\/\/www.visionweb.com.ar\/index.php?rest_route=\/wp\/v2\/types\/post"}],"author":[{"embeddable":true,"href":"https:\/\/www.visionweb.com.ar\/index.php?rest_route=\/wp\/v2\/users\/4"}],"replies":[{"embeddable":true,"href":"https:\/\/www.visionweb.com.ar\/index.php?rest_route=%2Fwp%2Fv2%2Fcomments&post=7234"}],"version-history":[{"count":2,"href":"https:\/\/www.visionweb.com.ar\/index.php?rest_route=\/wp\/v2\/posts\/7234\/revisions"}],"predecessor-version":[{"id":7237,"href":"https:\/\/www.visionweb.com.ar\/index.php?rest_route=\/wp\/v2\/posts\/7234\/revisions\/7237"}],"wp:featuredmedia":[{"embeddable":true,"href":"https:\/\/www.visionweb.com.ar\/index.php?rest_route=\/wp\/v2\/media\/7236"}],"wp:attachment":[{"href":"https:\/\/www.visionweb.com.ar\/index.php?rest_route=%2Fwp%2Fv2%2Fmedia&parent=7234"}],"wp:term":[{"taxonomy":"category","embeddable":true,"href":"https:\/\/www.visionweb.com.ar\/index.php?rest_route=%2Fwp%2Fv2%2Fcategories&post=7234"},{"taxonomy":"post_tag","embeddable":true,"href":"https:\/\/www.visionweb.com.ar\/index.php?rest_route=%2Fwp%2Fv2%2Ftags&post=7234"}],"curies":[{"name":"wp","href":"https:\/\/api.w.org\/{rel}","templated":true}]}}