{"id":7228,"date":"2022-09-14T08:36:49","date_gmt":"2022-09-14T11:36:49","guid":{"rendered":"https:\/\/www.visionweb.com.ar\/?p=7228"},"modified":"2022-09-14T08:38:43","modified_gmt":"2022-09-14T11:38:43","slug":"la-fao-marco-los-desafios-internacionales-en-materia-de-accion-climatica-en-la-ii-cop","status":"publish","type":"post","link":"https:\/\/www.visionweb.com.ar\/?p=7228","title":{"rendered":"La FAO marc\u00f3 los desaf\u00edos internacionales en materia de acci\u00f3n clim\u00e1tica en la II COP"},"content":{"rendered":"<p><em><strong>En la cita particip\u00f3 el Representante Regional de FAO, Mario Lubetkin y ten\u00eda como objetivo debatir sobre los <\/strong><\/em><em><strong>compromisos asumidos por los pa\u00edses en la Convenci\u00f3n Marco de las Naciones Unidas sobre el Cambio Clim\u00e1tico.<\/strong><\/em><!--more--><\/p>\n<div id=\"attachment_7229\" style=\"width: 310px\" class=\"wp-caption alignright\"><img loading=\"lazy\" decoding=\"async\" aria-describedby=\"caption-attachment-7229\" class=\"wp-image-7229 size-medium\" src=\"https:\/\/www.visionweb.com.ar\/wp-content\/uploads\/2022\/09\/cop-jujuy-verde-300x169.png\" alt=\"\" width=\"300\" height=\"169\" srcset=\"https:\/\/www.visionweb.com.ar\/wp-content\/uploads\/2022\/09\/cop-jujuy-verde-300x169.png 300w, https:\/\/www.visionweb.com.ar\/wp-content\/uploads\/2022\/09\/cop-jujuy-verde-768x432.png 768w, https:\/\/www.visionweb.com.ar\/wp-content\/uploads\/2022\/09\/cop-jujuy-verde.png 800w\" sizes=\"auto, (max-width: 300px) 100vw, 300px\" \/><p id=\"caption-attachment-7229\" class=\"wp-caption-text\"><strong><em>El Gobernador Gerardo Morales, junto a funcionarios nacionales y provinciales, adem\u00e1s de los delegados que participaron del encuentro del viernes (Prensa Gobierno de Jujuy)<\/em> <\/strong><\/p><\/div>\n<p><strong>E<\/strong>n el marco de la segunda edici\u00f3n de la Conferencia Regional de Cambio Clim\u00e1tico (II COP Jujuy Verde): Alianza regional para la econom\u00eda del Clima, se propuso avanzar en el an\u00e1lisis y el intercambio de informaci\u00f3n y la toma de decisiones de acciones concretas a nivel regional,\u00a0 a partir de la generaci\u00f3n urgente de acciones clim\u00e1ticas.<\/p>\n<p>El encuentro se realiz\u00f3 en la ciudad de San Salvador de Jujuy el viernes y s\u00e1bado \u00faltimo.<\/p>\n<p>El Subdirector General de la FAO y Representante Regional de la FAO para Am\u00e9rica Latina y el Caribe, Mario<br \/>\nLubetkin, particip\u00f3 del panel: \u00abLos desaf\u00edos internacionales en materia de acci\u00f3n clim\u00e1tica frente a la COP27,<br \/>\nque se har\u00e1 en noviembre pr\u00f3ximo en Egipto, y se centr\u00f3 en los desaf\u00edos para mitigar el Cambio Clim\u00e1tico\u00bb.<\/p>\n<p><strong>CONTEXTO DESAFIANTE<\/strong><\/p>\n<p>\u201cLa evidencia cient\u00edfica pone de manifiesto la urgencia de acelerar la acci\u00f3n clim\u00e1tica a nivel global y regional cuanto antes\u201d, evidenci\u00f3 Lubetkin, y agreg\u00f3: \u201cLos \u00faltimos reportes sobre cambio clim\u00e1tico y publicaciones como el Estado del Clima Mundial 2021 son claros al respecto y brindan un contexto desafiante tanto a nivel global como regional\u201d, consign\u00f3 el documento recibido pro Visi\u00f3n Web.<\/p>\n<p>Durante su presentaci\u00f3n, Lubetkin ahond\u00f3 en 4 l\u00edneas de acci\u00f3n puntuales para la agricultura:<br \/>\n1- La colaboraci\u00f3n entre pa\u00edses de la regi\u00f3n, para que a alto nivel se oriente y apoye un desarrollo<br \/>\nproductivo adaptado a los efectos del cambio clim\u00e1tico, resiliente y bajo en emisiones de gases de<br \/>\nefecto invernadero.<\/p>\n<p>Lubetkin mencion\u00f3 el lanzamiento en 2019, durante la COP25, de la Plataforma de Acci\u00f3n Clim\u00e1tica en<br \/>\nAgricultura (PLACA), conformada por 13 pa\u00edses miembro, entre los cuales se encuentra la Argentina, 6<br \/>\norganizaciones asociadas y una Secretar\u00eda compuesta por la CEPAL y por la FAO. \u201cAprovecho este espacio para convocar a nuevos pa\u00edses a sumarse de este importante mecanismo de cooperaci\u00f3n\u201d, expres\u00f3.<\/p>\n<p>2- El potencial productivo de la regi\u00f3n como productora de alimentos y la necesidad de que los sistemas<br \/>\nagroalimentarios sean resilientes, mitigando los efectos del cambio clim\u00e1tico que ya se presentan.<\/p>\n<p><img loading=\"lazy\" decoding=\"async\" class=\"size-full wp-image-7230 alignleft\" src=\"https:\/\/www.visionweb.com.ar\/wp-content\/uploads\/2022\/09\/images.jpg\" alt=\"\" width=\"300\" height=\"168\" \/>Las Contribuciones Determinadas a nivel Nacional (NDC, por sus siglas en ingl\u00e9s) de los pa\u00edses son un gran<br \/>\ninstrumento de compromiso asumido por los pa\u00edses que forman parte de la Convenci\u00f3n Marco de las<br \/>\nNaciones Unidas sobre el Cambio Clim\u00e1tico (CMNUCC).<\/p>\n<p>\u201cRecientemente, Argentina llev\u00f3 adelante un proceso de revisi\u00f3n de su Contribuci\u00f3n Determinada a nivel<br \/>\nNacional; apunta a aumentar la capacidad de adaptaci\u00f3n, fortalecer la resiliencia y disminuir la vulnerabilidad de los diferentes sectores sociales, econ\u00f3micos y ambientales, a trav\u00e9s de medidas que priorizar\u00e1n a las comunidades y grupos sociales en situaci\u00f3n de vulnerabilidad, e incorporar\u00e1n el enfoque de g\u00e9nero y la equidad intergeneracional\u00bb. , reflej\u00f3.<\/p>\n<h3 style=\"text-align: center;\"><span style=\"color: #0000ff;\"><em><strong>La FAO trabaja en estrecha colaboraci\u00f3n con la CMNUCC (Convenci\u00f3n Marco de ls Naciones Unidas sobre Cambio Clim\u00e1tico)<\/strong> <\/em><\/span><\/h3>\n<p>3- Fortalecer la participaci\u00f3n y posicionamiento de la regi\u00f3n en los procesos internacionales de<br \/>\nnegociaci\u00f3n. En ese punto Lubetkin destac\u00f3 la labor conjunta para la Agricultura y el trabajo de la FAO<br \/>\ncon la CMNUCC.<\/p>\n<p>\u201cSe destaca la labor conjunta de Koronivia sobre la agricultura (KJWA, por sus siglas en ingl\u00e9s), decisi\u00f3n que<br \/>\nreconoce el potencial \u00fanico de la agricultura para hacer frente al cambio clim\u00e1tico y sus impactos.<\/p>\n<p><strong>COLABORACION<\/strong><\/p>\n<p>En tal sentido, la FAO trabaja en estrecha colaboraci\u00f3n con la CMNUCC (Convenci\u00f3n Marco de ls Naciones Unidas sobre Cambio Clim\u00e1tico) y diversos actores internacionales y nacionales, internacionales y nacionales, respaldando a los pa\u00edses con apoyo t\u00e9cnico, talleres y productos de conocimiento\u201d, dijo el Subdirector General de la FAO y Representante Regional de la FAO para Am\u00e9rica Latina y el Caribe.<\/p>\n<p>KJWA es una decisi\u00f3n que se tom\u00f3 durante la conferencia de la ONU sobre el cambio clim\u00e1tico (COP23) en<br \/>\nnoviembre de 2017, reconociendo oficialmente la importancia de los sectores agr\u00edcolas para adaptarse y mitigar el cambio clim\u00e1tico y ha representado una oportunidad para que los pa\u00edses compartan sus experiencias.<\/p>\n<p>4- Desarrollar y promover acciones que aplicadas a gran escala permitan la mitigaci\u00f3n del Cambio<br \/>\nClim\u00e1tico. Lubetkin mencion\u00f3 que para lograr tal acci\u00f3n se requiere del esfuerzo conjunto de m\u00faltiples<br \/>\nactores.<\/p>\n<p>Un ejemplo concreto de acci\u00f3n a gran escala es el proyecto SCALA, coliderado entre FAO y el Programa de las<br \/>\nNaciones Unidas para el Desarrollo (PNUD) que apoya a 12 pa\u00edses a nivel mundial en la intenci\u00f3n de aumentar la ambici\u00f3n clim\u00e1tica para mejorar el uso de la tierra y la agricultura mediante NDCs y planes nacionales de adaptaci\u00f3n.<\/p>\n<p>\u201cCon este proyecto esperamos mejorar la capacidad para identificar y evaluar acciones innovadoras y transformadoras, fortalecer planes para integrar las prioridades relacionadas con el clima en los sectores de agricultura y uso de la tierra\u201d, describi\u00f3 Lubetkin.<\/p>\n<p><strong>SISTEMAS INCLUSIVOS ALIMENTARIOS<\/strong><\/p>\n<p>\u201cCreemos que en materia de acci\u00f3n clim\u00e1tica frente a la COP27 el desaf\u00edo principal es colaborar, incluir a los<br \/>\nsistemas agroalimentarios como proveedores de soluciones para las NDCs, fortalecer el posicionamiento de la regi\u00f3n en foros internacionales y encontrar acciones que a gran escala hagan una diferencia\u201d, expuso.<\/p>\n<p>\u201cEn la FAO estamos trabajando activamente en esto, con sentido de urgencia, y no nos detendremos en apoyar a los pa\u00edses de la regi\u00f3n para avanzar en la transformaci\u00f3n de los sistemas agroalimentarios para que sean m\u00e1s eficientes, m\u00e1s inclusivos, m\u00e1s resilientes y sostenibles\u201d, concluy\u00f3.<\/p>\n<p>De la apertura de la II COP Jujuy Verde participaron el gobernador Gerardo Morales, la ministra de Ambiente\u00a0 y Cambio Clim\u00e1tico, Mar\u00eda In\u00e9s Zigar\u00e1n; la directora de Asuntos Ambientales del Ministerio de Relaciones<br \/>\nExteriores, Comercio Internacional y Culto, Corina Lehmann, v\u00eda teleconferencia; el secretario Pro Tempore de la Zona de Integraci\u00f3n del Centro Oeste de Am\u00e9rica del Sur (ZICOSUR), Mariano Fern\u00e1ndez y el intendente de la Ciudad de San Salvador de Jujuy, Ra\u00fal Jorge.<\/p>\n<p>El encuentro se hizo en dos jornadas desde el Hotel Altos de la Vi\u00f1a de capital, con modalidad virtual tanto para conferencistas como para asistentes de otras partes del mundo, y se abordaron temas tales como: intercambio de experiencias exitosas aplicadas en las econom\u00edas locales y regionales que contribuyen a la reducci\u00f3n de gases de efecto invernadero, financiamiento clim\u00e1tico, certificaci\u00f3n de reducci\u00f3n de emisiones para el acceso de los estados subnacionales a los mercados de cr\u00e9ditos de carbono, el rol de los gobiernos locales frente a la evidencia del cambio clim\u00e1tico, c\u00f3mo se preparan para enfrentar las consecuencias, potenciar la resiliencia de sus comunidades y desarrollar metas de adaptaci\u00f3n<strong>(VW)<\/strong>.<\/p>\n<p>&nbsp;<\/p>\n<p>&nbsp;<\/p>\n<p>&nbsp;<\/p>\n","protected":false},"excerpt":{"rendered":"<p>En la cita particip\u00f3 el Representante Regional de FAO, Mario Lubetkin y ten\u00eda como objetivo debatir sobre los compromisos asumidos por los pa\u00edses en la Convenci\u00f3n Marco de las Naciones Unidas sobre el Cambio&#46;&#46;&#46;<\/p>\n","protected":false},"author":3,"featured_media":7229,"comment_status":"closed","ping_status":"closed","sticky":false,"template":"","format":"standard","meta":{"_monsterinsights_skip_tracking":false,"_monsterinsights_sitenote_active":false,"_monsterinsights_sitenote_note":"","_monsterinsights_sitenote_category":0,"footnotes":""},"categories":[5],"tags":[578,576,2976,731],"class_list":["post-7228","post","type-post","status-publish","format-standard","has-post-thumbnail","hentry","category-sociedad","tag-cambio-climatico","tag-fao","tag-jujuy","tag-verde"],"_links":{"self":[{"href":"https:\/\/www.visionweb.com.ar\/index.php?rest_route=\/wp\/v2\/posts\/7228","targetHints":{"allow":["GET"]}}],"collection":[{"href":"https:\/\/www.visionweb.com.ar\/index.php?rest_route=\/wp\/v2\/posts"}],"about":[{"href":"https:\/\/www.visionweb.com.ar\/index.php?rest_route=\/wp\/v2\/types\/post"}],"author":[{"embeddable":true,"href":"https:\/\/www.visionweb.com.ar\/index.php?rest_route=\/wp\/v2\/users\/3"}],"replies":[{"embeddable":true,"href":"https:\/\/www.visionweb.com.ar\/index.php?rest_route=%2Fwp%2Fv2%2Fcomments&post=7228"}],"version-history":[{"count":3,"href":"https:\/\/www.visionweb.com.ar\/index.php?rest_route=\/wp\/v2\/posts\/7228\/revisions"}],"predecessor-version":[{"id":7233,"href":"https:\/\/www.visionweb.com.ar\/index.php?rest_route=\/wp\/v2\/posts\/7228\/revisions\/7233"}],"wp:featuredmedia":[{"embeddable":true,"href":"https:\/\/www.visionweb.com.ar\/index.php?rest_route=\/wp\/v2\/media\/7229"}],"wp:attachment":[{"href":"https:\/\/www.visionweb.com.ar\/index.php?rest_route=%2Fwp%2Fv2%2Fmedia&parent=7228"}],"wp:term":[{"taxonomy":"category","embeddable":true,"href":"https:\/\/www.visionweb.com.ar\/index.php?rest_route=%2Fwp%2Fv2%2Fcategories&post=7228"},{"taxonomy":"post_tag","embeddable":true,"href":"https:\/\/www.visionweb.com.ar\/index.php?rest_route=%2Fwp%2Fv2%2Ftags&post=7228"}],"curies":[{"name":"wp","href":"https:\/\/api.w.org\/{rel}","templated":true}]}}