{"id":7201,"date":"2022-09-12T12:13:23","date_gmt":"2022-09-12T15:13:23","guid":{"rendered":"https:\/\/www.visionweb.com.ar\/?p=7201"},"modified":"2022-09-12T12:13:23","modified_gmt":"2022-09-12T15:13:23","slug":"lanus-el-municipio-reconocio-como-personalidad-destacada-a-ricardo-montaner","status":"publish","type":"post","link":"https:\/\/www.visionweb.com.ar\/?p=7201","title":{"rendered":"Lan\u00fas: El Municipio reconoci\u00f3 como Personalidad Destacada a Ricardo Montaner"},"content":{"rendered":"<p><em><strong>El premio al\u00a0cantante nacido en Valent\u00edn Alsina, lo destaca por \u201cmantener actividades filantr\u00f3picas a trav\u00e9s de fundaciones, mediante las cuales promueve proyectos en favor de la ni\u00f1ez\u201d.<\/strong><\/em><!--more--><\/p>\n<p><strong>\u00a0\u00a0\u00a0\u00a0\u00a0\u00a0\u00a0\u00a0 <img loading=\"lazy\" decoding=\"async\" class=\"size-medium wp-image-7203 alignright\" src=\"https:\/\/www.visionweb.com.ar\/wp-content\/uploads\/2022\/09\/montaner-kravetz-203x300.jpg\" alt=\"\" width=\"203\" height=\"300\" srcset=\"https:\/\/www.visionweb.com.ar\/wp-content\/uploads\/2022\/09\/montaner-kravetz-203x300.jpg 203w, https:\/\/www.visionweb.com.ar\/wp-content\/uploads\/2022\/09\/montaner-kravetz.jpg 437w\" sizes=\"auto, (max-width: 203px) 100vw, 203px\" \/>\u00a0\u00a0\u00a0\u00a0\u00a0\u00a0\u00a0 E<\/strong>l Municipio de Lan\u00fas distingui\u00f3 a <strong>Ricardo Montaner<\/strong> con el t\u00edtulo de <strong>Personalidad Destacada de la Cultura<\/strong> <strong>lanusense<\/strong>.\u00a0El famoso cantante, oriundo de Valent\u00edn Alsina, recibi\u00f3 el galard\u00f3n por su larga trayectoria internacional, en el programa <strong>\u00abLa Voz Argentina\u00bb<\/strong>, de manos del jefe de Gabinete local, <strong>Diego Kravetz<\/strong>, en nombre del intendente <strong>N\u00e9stor Grindetti<\/strong>.<\/p>\n<p>A ra\u00edz de su cumplea\u00f1os n\u00famero 65, celebrado en el programa La Voz Argentina, emitido en vivo y con variados festejos, el cantante fue condecorado por Diego Kravetz con una placa dorada donde se le atribuye este t\u00edtulo que pocos privilegiados obtuvieron en la historia de Lan\u00fas, indic\u00f3 Prensa de la comuna.<\/p>\n<p>Esta placa, avalada por el Decreto Ley N\u00b0 6.769\/58 \u2013 Ley Org\u00e1nica de las Municipalidades (Ordenanza Municipal N\u00b0 12.240), lo destaca, principalmente, <strong>por mantener actividades filantr\u00f3picas a trav\u00e9s de fundaciones, mediante las cuales promueve proyectos en favor de la ni\u00f1ez<\/strong>, inspirado la creatividad de varias generaciones a trav\u00e9s de los a\u00f1os.<\/p>\n<p><strong>\u201cJusto recibo este premio cuando Valent\u00edn Alsina cumpli\u00f3 146 a\u00f1os. Yo tengo una parte de todos esos a\u00f1os all\u00ed, es un verdadero orgullo\u201d<\/strong>, mencion\u00f3 Montaner al recibir este premio.<\/p>\n<p>H\u00e9ctor Eduardo Reglero Montaner, conocido por su nombre art\u00edstico, Ricardo Montaner, naci\u00f3 en Valent\u00edn Alsina el d\u00eda 08 de septiembre de 1957.<\/p>\n<div id=\"attachment_7204\" style=\"width: 310px\" class=\"wp-caption alignleft\"><img loading=\"lazy\" decoding=\"async\" aria-describedby=\"caption-attachment-7204\" class=\"wp-image-7204 size-medium\" src=\"https:\/\/www.visionweb.com.ar\/wp-content\/uploads\/2022\/09\/Montaner-2-300x202.jpg\" alt=\"\" width=\"300\" height=\"202\" srcset=\"https:\/\/www.visionweb.com.ar\/wp-content\/uploads\/2022\/09\/Montaner-2-300x202.jpg 300w, https:\/\/www.visionweb.com.ar\/wp-content\/uploads\/2022\/09\/Montaner-2.jpg 632w\" sizes=\"auto, (max-width: 300px) 100vw, 300px\" \/><p id=\"caption-attachment-7204\" class=\"wp-caption-text\">Montaner recibi\u00f3 la distinci\u00f3n en el programa \u00abLa Voz Argentina\u00bb . (Fotos: gentileza Prensa de Lan\u00fas)<\/p><\/div>\n<p>Montaner, a lo largo de su carrera, ha desarrollado una destacada actividad cultural en el \u00e1mbito de la m\u00fasica local e internacional, convirti\u00e9ndose en uno de los artistas m\u00e1s reconocidos de habla hispana en todo el mundo.<\/p>\n<p>Acompa\u00f1ado por su mujer, sus hijos <strong>Mau y Ricky<\/strong> y sus compa\u00f1eros en \u00abLa Voz Argentina\u00bb, <strong>Marley, Soledad Pastorutti y Lali Esp\u00f3sito<\/strong>, Montaner recibi\u00f3 su reconocimiento y agradeci\u00f3 a las autoridades locales. Adem\u00e1s de Kravetz, en representaci\u00f3n del Municipio estuvo presente la secretaria de Cultura, <strong>Thelma Vivoni<\/strong>. <strong>(VW)<\/strong><\/p>\n","protected":false},"excerpt":{"rendered":"<p>El premio al\u00a0cantante nacido en Valent\u00edn Alsina, lo destaca por \u201cmantener actividades filantr\u00f3picas a trav\u00e9s de fundaciones, mediante las cuales promueve proyectos en favor de la ni\u00f1ez\u201d.<\/p>\n","protected":false},"author":4,"featured_media":7204,"comment_status":"closed","ping_status":"closed","sticky":false,"template":"","format":"standard","meta":{"_monsterinsights_skip_tracking":false,"_monsterinsights_sitenote_active":false,"_monsterinsights_sitenote_note":"","_monsterinsights_sitenote_category":0,"footnotes":""},"categories":[3,5],"tags":[18,241,2966,19,2965,1466,2964],"class_list":["post-7201","post","type-post","status-publish","format-standard","has-post-thumbnail","hentry","category-actualidad","category-sociedad","tag-grindetti","tag-kravetz","tag-la-voz-argentina","tag-lanus","tag-personalidad-destacada","tag-premio","tag-ricardo-montaner"],"_links":{"self":[{"href":"https:\/\/www.visionweb.com.ar\/index.php?rest_route=\/wp\/v2\/posts\/7201","targetHints":{"allow":["GET"]}}],"collection":[{"href":"https:\/\/www.visionweb.com.ar\/index.php?rest_route=\/wp\/v2\/posts"}],"about":[{"href":"https:\/\/www.visionweb.com.ar\/index.php?rest_route=\/wp\/v2\/types\/post"}],"author":[{"embeddable":true,"href":"https:\/\/www.visionweb.com.ar\/index.php?rest_route=\/wp\/v2\/users\/4"}],"replies":[{"embeddable":true,"href":"https:\/\/www.visionweb.com.ar\/index.php?rest_route=%2Fwp%2Fv2%2Fcomments&post=7201"}],"version-history":[{"count":2,"href":"https:\/\/www.visionweb.com.ar\/index.php?rest_route=\/wp\/v2\/posts\/7201\/revisions"}],"predecessor-version":[{"id":7205,"href":"https:\/\/www.visionweb.com.ar\/index.php?rest_route=\/wp\/v2\/posts\/7201\/revisions\/7205"}],"wp:featuredmedia":[{"embeddable":true,"href":"https:\/\/www.visionweb.com.ar\/index.php?rest_route=\/wp\/v2\/media\/7204"}],"wp:attachment":[{"href":"https:\/\/www.visionweb.com.ar\/index.php?rest_route=%2Fwp%2Fv2%2Fmedia&parent=7201"}],"wp:term":[{"taxonomy":"category","embeddable":true,"href":"https:\/\/www.visionweb.com.ar\/index.php?rest_route=%2Fwp%2Fv2%2Fcategories&post=7201"},{"taxonomy":"post_tag","embeddable":true,"href":"https:\/\/www.visionweb.com.ar\/index.php?rest_route=%2Fwp%2Fv2%2Ftags&post=7201"}],"curies":[{"name":"wp","href":"https:\/\/api.w.org\/{rel}","templated":true}]}}