{"id":7192,"date":"2022-09-09T13:04:17","date_gmt":"2022-09-09T16:04:17","guid":{"rendered":"https:\/\/www.visionweb.com.ar\/?p=7192"},"modified":"2022-09-09T13:04:17","modified_gmt":"2022-09-09T16:04:17","slug":"grindetti-firmo-un-convenio-con-ulpiano-suarez-intendente-de-la-ciudad-de-mendoza","status":"publish","type":"post","link":"https:\/\/www.visionweb.com.ar\/?p=7192","title":{"rendered":"Grindetti firm\u00f3 un convenio con Ulpiano Su\u00e1rez, intendente de la ciudad de Mendoza"},"content":{"rendered":"<p><em><strong>En la ciudad de Mendoza Grindetti firm\u00f3 un acuerdo con su par, Ulpiano Su\u00e1rez<\/strong>. <strong>En referencia al <\/strong><strong>mantenimiento del espacio p\u00fablico dijo: \u201cEn Mendoza se destaca el trabajo y la limpieza de la ciudad\u201d.<\/strong><\/em><!--more--><\/p>\n<div id=\"attachment_7194\" style=\"width: 310px\" class=\"wp-caption alignright\"><img loading=\"lazy\" decoding=\"async\" aria-describedby=\"caption-attachment-7194\" class=\"wp-image-7194 size-medium\" src=\"https:\/\/www.visionweb.com.ar\/wp-content\/uploads\/2022\/09\/Grindetti-acuerdo-con-Suarez-de-mendoza-300x200.jpg\" alt=\"\" width=\"300\" height=\"200\" srcset=\"https:\/\/www.visionweb.com.ar\/wp-content\/uploads\/2022\/09\/Grindetti-acuerdo-con-Suarez-de-mendoza-300x200.jpg 300w, https:\/\/www.visionweb.com.ar\/wp-content\/uploads\/2022\/09\/Grindetti-acuerdo-con-Suarez-de-mendoza.jpg 706w\" sizes=\"auto, (max-width: 300px) 100vw, 300px\" \/><p id=\"caption-attachment-7194\" class=\"wp-caption-text\">Ambos intendentes firmaron un acuerdo de reciprocidad. (Fotos: Prensa de Lan\u00fas)<\/p><\/div>\n<p><strong>\u00a0\u00a0\u00a0\u00a0\u00a0\u00a0\u00a0 \u00a0\u00a0\u00a0\u00a0\u00a0\u00a0\u00a0\u00a0\u00a0\u00a0\u00a0 E<\/strong>l intendente de Lan\u00fas y referente provincial del PRO, <strong>N\u00e9stor Grindetti<\/strong> estuvo en la ciudad de Mendoza donde rubric\u00f3 un acuerdo de reciprocidad con su par, <strong>Ulpiano Su\u00e1rez<\/strong>. En ese sentido, visit\u00f3\u00a0operativos de poda y puesta en valor del espacio p\u00fablico en esa ciudad.<\/p>\n<p>Al respecto, Grindetti analiz\u00f3: \u201cPara mi es importante intercambiar\u00a0ideas y experiencias de trabajo con otros jefes comunales. En <strong>Mendoza<\/strong> en particular se destaca el trabajo de <strong>mantenimiento del espacio p\u00fablico y la limpieza de la ciudad<\/strong>\u201d.<\/p>\n<p><img loading=\"lazy\" decoding=\"async\" class=\"size-medium wp-image-7195 alignleft\" src=\"https:\/\/www.visionweb.com.ar\/wp-content\/uploads\/2022\/09\/Grindetti-reunion-mendoza-300x201.jpg\" alt=\"\" width=\"300\" height=\"201\" srcset=\"https:\/\/www.visionweb.com.ar\/wp-content\/uploads\/2022\/09\/Grindetti-reunion-mendoza-300x201.jpg 300w, https:\/\/www.visionweb.com.ar\/wp-content\/uploads\/2022\/09\/Grindetti-reunion-mendoza.jpg 640w\" sizes=\"auto, (max-width: 300px) 100vw, 300px\" \/>Y agreg\u00f3: \u201cEn ciudades del conurbano como Lan\u00fas, <strong>la problem\u00e1tica de la basura es un tema muy importante<\/strong> que hay que atender de manera estrat\u00e9gica, sobre todo de cara al futuro\u00bb, precis\u00f3 Prensa de Lan\u00fas.<\/p>\n<p>La agenda de Grindetti en la regi\u00f3n de Cuyo, incluy\u00f3\u00a0la visita al intendente local, un encuentro con j\u00f3venes\u00a0PRO de la provincia junto a la concejal Sol Salinas, la recorrida por obras y distintos operativos de mantenimiento del espacio p\u00fablico.\u00a0<strong>(VW)<\/strong><\/p>\n<p>&nbsp;<\/p>\n","protected":false},"excerpt":{"rendered":"<p>En la ciudad de Mendoza Grindetti firm\u00f3 un acuerdo con su par, Ulpiano Su\u00e1rez. En referencia al mantenimiento del espacio p\u00fablico dijo: \u201cEn Mendoza se destaca el trabajo y la limpieza de la ciudad\u201d.<\/p>\n","protected":false},"author":4,"featured_media":7195,"comment_status":"closed","ping_status":"closed","sticky":false,"template":"","format":"standard","meta":{"_monsterinsights_skip_tracking":false,"_monsterinsights_sitenote_active":false,"_monsterinsights_sitenote_note":"","_monsterinsights_sitenote_category":0,"footnotes":""},"categories":[8,4],"tags":[380,18,2959,400,2958],"class_list":["post-7192","post","type-post","status-publish","format-standard","has-post-thumbnail","hentry","category-interes-general","category-politica","tag-acuerdo","tag-grindetti","tag-limpieza-de-la-ciudad","tag-mendoza","tag-ulpiano-suarez"],"_links":{"self":[{"href":"https:\/\/www.visionweb.com.ar\/index.php?rest_route=\/wp\/v2\/posts\/7192","targetHints":{"allow":["GET"]}}],"collection":[{"href":"https:\/\/www.visionweb.com.ar\/index.php?rest_route=\/wp\/v2\/posts"}],"about":[{"href":"https:\/\/www.visionweb.com.ar\/index.php?rest_route=\/wp\/v2\/types\/post"}],"author":[{"embeddable":true,"href":"https:\/\/www.visionweb.com.ar\/index.php?rest_route=\/wp\/v2\/users\/4"}],"replies":[{"embeddable":true,"href":"https:\/\/www.visionweb.com.ar\/index.php?rest_route=%2Fwp%2Fv2%2Fcomments&post=7192"}],"version-history":[{"count":2,"href":"https:\/\/www.visionweb.com.ar\/index.php?rest_route=\/wp\/v2\/posts\/7192\/revisions"}],"predecessor-version":[{"id":7196,"href":"https:\/\/www.visionweb.com.ar\/index.php?rest_route=\/wp\/v2\/posts\/7192\/revisions\/7196"}],"wp:featuredmedia":[{"embeddable":true,"href":"https:\/\/www.visionweb.com.ar\/index.php?rest_route=\/wp\/v2\/media\/7195"}],"wp:attachment":[{"href":"https:\/\/www.visionweb.com.ar\/index.php?rest_route=%2Fwp%2Fv2%2Fmedia&parent=7192"}],"wp:term":[{"taxonomy":"category","embeddable":true,"href":"https:\/\/www.visionweb.com.ar\/index.php?rest_route=%2Fwp%2Fv2%2Fcategories&post=7192"},{"taxonomy":"post_tag","embeddable":true,"href":"https:\/\/www.visionweb.com.ar\/index.php?rest_route=%2Fwp%2Fv2%2Ftags&post=7192"}],"curies":[{"name":"wp","href":"https:\/\/api.w.org\/{rel}","templated":true}]}}