{"id":7187,"date":"2022-09-09T11:16:21","date_gmt":"2022-09-09T14:16:21","guid":{"rendered":"https:\/\/www.visionweb.com.ar\/?p=7187"},"modified":"2022-09-09T11:16:21","modified_gmt":"2022-09-09T14:16:21","slug":"diputados-la-defensora-de-ninos-y-adolescentes-brindo-el-informe-anual-de-gestion","status":"publish","type":"post","link":"https:\/\/www.visionweb.com.ar\/?p=7187","title":{"rendered":"Diputados: La defensora de ni\u00f1os y adolescentes brind\u00f3 el informe anual de gesti\u00f3n"},"content":{"rendered":"<p><em><strong>La defensora expuso en la comisi\u00f3n de familias, ni\u00f1ez y juventudes. Inst\u00f3 a que haya defensoras y defensores en las provincias, en defensa de los derechos de los ni\u00f1os, ni\u00f1as y adolescentes.<\/strong><\/em><!--more--><\/p>\n<p><strong><img loading=\"lazy\" decoding=\"async\" class=\"size-full wp-image-7189 aligncenter\" src=\"https:\/\/www.visionweb.com.ar\/wp-content\/uploads\/2022\/09\/marisa-graham-en-diputados-defensora-niniez.bmp\" alt=\"\" width=\"638\" height=\"339\" \/>L<\/strong>a defensora de los derechos de las ni\u00f1as, ni\u00f1os y adolescentes,\u00a0Marisa Graham, expuso el pasado mi\u00e9rcoles en la comisi\u00f3n de familias, ni\u00f1ez y juventudes de la C\u00e1mara de Diputados, y brind\u00f3 el informe anual de gesti\u00f3n que preside la diputada Roxana Reyes (UCR).<\/p>\n<p>Al inicio de su exposici\u00f3n,\u00a0<strong>Graham afirm\u00f3 que \u201cnuestro prop\u00f3sito es trabajar mucho para que haya defensoras y defensores en las provincias, <\/strong>que sean pares nuestros y que se incorporen a una red horizontal y federal de defensa de los derechos de los ni\u00f1os, ni\u00f1as y adolescentes\u201d.<\/p>\n<p>En tanto, aclar\u00f3 que <strong>la Defensor\u00eda<\/strong> \u201ces un organismo de derechos humanos de un tercio de la poblaci\u00f3n, que son las personas de hasta 17 a\u00f1os. Es aut\u00f3noma e independiente, que <strong>recibe denuncias de los ni\u00f1os, adultos y organizaciones<\/strong>, entre otros\u201d.<\/p>\n<p>Al respecto, Graham ratific\u00f3 que los ni\u00f1os de los pueblos originarios son \u201clos m\u00e1s vulnerables y vulnerados en Argentina, sobre todo aquellos que est\u00e1n en peores condiciones\u201d.<\/p>\n<p>Luego, realiz\u00f3 un pormenorizado detalle de todas las \u00e1reas que conforman la Defensor\u00eda, y explic\u00f3 las diversas herramientas de su gesti\u00f3n para la supervisi\u00f3n, asesoramiento, sensibilizaci\u00f3n y exigibilidad.<\/p>\n<p>En otro orden, propuso <strong>reformular la ley de discapacidad<\/strong>, que a\u00fan sigue vigente desde la dictadura, hace m\u00e1s de 40 a\u00f1os: \u201cEs retr\u00f3grada\u201d, dijo.<\/p>\n<p>Tambi\u00e9n se refiri\u00f3 a la <strong>ley penal juvenil y la de salud mental<\/strong>: \u201cS\u00f3lo hay un art\u00edculo que dedica un p\u00e1rrafo a ni\u00f1as, ni\u00f1os y adolescentes, como si ellos no tuvieran padecimientos subjetivos, que merecen tener leyes apropiadas\u201d, subray\u00f3.<\/p>\n<p>En la continuidad,\u00a0<strong>Facundo Hern\u00e1ndez<\/strong>, defensor Adjunto de los Derechos de las Ni\u00f1as, Ni\u00f1os y Adolescentes, explic\u00f3 el procedimiento de la admisi\u00f3n de los casos que busca fortalecer y re jerarquizar el sistema de protecci\u00f3n de derechos en nuestro pa\u00eds.<\/p>\n<p>\u00abDesde su creaci\u00f3n, la Defensor\u00eda lleva tramitados 756 expedientes hasta el 28 de febrero de 2022 y del 1ero. de marzo hasta el 31 de julio ingresaron 112 casos nuevos, donde el grueso de los mismos es por cuestiones de familia\u201d, especific\u00f3 Hern\u00e1ndez.<\/p>\n<p>En referencia a la Ley de Responsabilidad Penal Juvenil, el funcionario sentenci\u00f3 que: \u201cEs abrumadora la evidencia de que no corresponde bajar la edad de imputabilidad\u201d. En esa l\u00ednea, recomend\u00f3 los est\u00e1ndares que deber\u00eda tener una nueva ley.<\/p>\n<p>Asimismo, inst\u00f3 a que se debata la Ley Nacional de Reparaci\u00f3n Hist\u00f3rica de las Ni\u00f1as, Ni\u00f1os y Adolescentes Ind\u00edgenas, por considerar que \u201c<strong>falta diagn\u00f3stico, planificaci\u00f3n, coordinaci\u00f3n y evaluaci\u00f3n de pol\u00edticas nacionales y provinciales que garanticen el acceso al agua, condiciones b\u00e1sicas de infraestructura, de vivienda y nutricionales de los ni\u00f1os, ni\u00f1as y adolescentes<\/strong>\u201d, expres\u00f3.<\/p>\n<p>Por \u00faltimo, cont\u00f3 que \u201ctrabajamos un Sistema Federal de Monitoreo, para garantizar un piso m\u00ednimo en las condiciones de alojamiento de los ni\u00f1os\u201d. <strong>(VW)<\/strong><\/p>\n<p>&nbsp;<\/p>\n","protected":false},"excerpt":{"rendered":"<p>La defensora expuso en la comisi\u00f3n de familias, ni\u00f1ez y juventudes. Inst\u00f3 a que haya defensoras y defensores en las provincias, en defensa de los derechos de los ni\u00f1os, ni\u00f1as y adolescentes.<\/p>\n","protected":false},"author":4,"featured_media":7189,"comment_status":"closed","ping_status":"closed","sticky":false,"template":"","format":"standard","meta":{"_monsterinsights_skip_tracking":false,"_monsterinsights_sitenote_active":false,"_monsterinsights_sitenote_note":"","_monsterinsights_sitenote_category":0,"footnotes":""},"categories":[4,5],"tags":[2954,2952,2953,2957,2955,2956],"class_list":["post-7187","post","type-post","status-publish","format-standard","has-post-thumbnail","hentry","category-politica","category-sociedad","tag-comision-de-familia","tag-defensora-de-ninos","tag-dioutsdos","tag-facundo-hernandez","tag-marusa-graham","tag-roxana-reyes"],"_links":{"self":[{"href":"https:\/\/www.visionweb.com.ar\/index.php?rest_route=\/wp\/v2\/posts\/7187","targetHints":{"allow":["GET"]}}],"collection":[{"href":"https:\/\/www.visionweb.com.ar\/index.php?rest_route=\/wp\/v2\/posts"}],"about":[{"href":"https:\/\/www.visionweb.com.ar\/index.php?rest_route=\/wp\/v2\/types\/post"}],"author":[{"embeddable":true,"href":"https:\/\/www.visionweb.com.ar\/index.php?rest_route=\/wp\/v2\/users\/4"}],"replies":[{"embeddable":true,"href":"https:\/\/www.visionweb.com.ar\/index.php?rest_route=%2Fwp%2Fv2%2Fcomments&post=7187"}],"version-history":[{"count":2,"href":"https:\/\/www.visionweb.com.ar\/index.php?rest_route=\/wp\/v2\/posts\/7187\/revisions"}],"predecessor-version":[{"id":7190,"href":"https:\/\/www.visionweb.com.ar\/index.php?rest_route=\/wp\/v2\/posts\/7187\/revisions\/7190"}],"wp:featuredmedia":[{"embeddable":true,"href":"https:\/\/www.visionweb.com.ar\/index.php?rest_route=\/wp\/v2\/media\/7189"}],"wp:attachment":[{"href":"https:\/\/www.visionweb.com.ar\/index.php?rest_route=%2Fwp%2Fv2%2Fmedia&parent=7187"}],"wp:term":[{"taxonomy":"category","embeddable":true,"href":"https:\/\/www.visionweb.com.ar\/index.php?rest_route=%2Fwp%2Fv2%2Fcategories&post=7187"},{"taxonomy":"post_tag","embeddable":true,"href":"https:\/\/www.visionweb.com.ar\/index.php?rest_route=%2Fwp%2Fv2%2Ftags&post=7187"}],"curies":[{"name":"wp","href":"https:\/\/api.w.org\/{rel}","templated":true}]}}