{"id":7183,"date":"2022-09-09T10:32:31","date_gmt":"2022-09-09T13:32:31","guid":{"rendered":"https:\/\/www.visionweb.com.ar\/?p=7183"},"modified":"2022-09-09T10:32:31","modified_gmt":"2022-09-09T13:32:31","slug":"aumentan-42-por-ciento-las-jubilaciones-y-pensiones-minimas-bonaerenses","status":"publish","type":"post","link":"https:\/\/www.visionweb.com.ar\/?p=7183","title":{"rendered":"Aumentan 42 por ciento las jubilaciones y pensiones m\u00ednimas bonaerenses"},"content":{"rendered":"<p><em><strong>El aumento alcanza a 11 mil beneficiarios de jubilaciones y pensiones del Instituto de Previsi\u00f3n Social (IPS). Es a partir de septiembre, y suma un porcentual del 113,68% en lo que va del a\u00f1o.<\/strong><\/em><!--more--><\/p>\n<p><strong><img loading=\"lazy\" decoding=\"async\" class=\"size-full wp-image-7185 aligncenter\" src=\"https:\/\/www.visionweb.com.ar\/wp-content\/uploads\/2022\/09\/jubilaciones-bonaerenses-IPS.bmp\" alt=\"\" width=\"543\" height=\"414\" \/>E<\/strong>l gobernador\u00a0Axel Kicillof\u00a0hizo oficial el aumento ayer, tras una reuni\u00f3n con la\u00a0presidente del Instituto de Previsi\u00f3n Social (IPS), Marina Moretti, y el ministro de Hacienda y Finanzas, Pablo L\u00f3pez.<\/p>\n<p><strong>\u00a0<\/strong>La medida alcanza a unos <strong>11 mil beneficiarios<\/strong> que cobran\u00a0<strong>jubilaciones y pensiones<\/strong>\u00a0m\u00ednimas del\u00a0<strong>Instituto de Previsi\u00f3n Social de la provincia de Buenos Aires (IPS), que \u00a0<\/strong>tendr\u00e1n en septiembre\u00a0<strong>un incremento de sus haberes de 42.45 por ciento.<\/strong><\/p>\n<p>Los beneficiarios con haberes m\u00ednimos son\u00a011 mil bonaerenses que representan el 3,5% del total, quienes con este segundo aumento en lo que va del a\u00f1o habr\u00e1n obtenido una <strong>mejora del 113,68% desde diciembre de 2021<\/strong>, seg\u00fan se inform\u00f3 oficialmente.<\/p>\n<p>Respecto de las pensiones no contributivas que reciben\u00a0<strong>ni\u00f1os, ni\u00f1as y juventudes menores de 21 a\u00f1os<\/strong><strong>\u00a0<\/strong>y las del r\u00e9gimen general, tambi\u00e9n se incrementar\u00e1n un 42,45%. Este aporte alcanza a 24 mil bonaerenses.<\/p>\n<p>En ning\u00fan caso ser\u00e1 necesario realizar tr\u00e1mites para percibir el incremento, indicaron.<\/p>\n<p>\u201cEl objetivo de esta medida es continuar fortaleciendo los ingresos de los y las bonaerenses que se encuentran en una situaci\u00f3n de mayor vulnerabilidad\u201d, subray\u00f3 Kicillof durante el anuncio.<\/p>\n<p>\u201cNuestro compromiso es seguir trabajando d\u00eda a d\u00eda para dar respuestas a las demandas de los y las bonaerenses con pol\u00edticas que nos permitan mejorar la calidad de vida de todos y todas\u201d agreg\u00f3 el mandatario bonaerense. (VW)<\/p>\n<p>&nbsp;<\/p>\n","protected":false},"excerpt":{"rendered":"<p>El aumento alcanza a 11 mil beneficiarios de jubilaciones y pensiones del Instituto de Previsi\u00f3n Social (IPS). Es a partir de septiembre, y suma un porcentual del 113,68% en lo que va del a\u00f1o.<\/p>\n","protected":false},"author":4,"featured_media":7185,"comment_status":"closed","ping_status":"closed","sticky":false,"template":"","format":"standard","meta":{"_monsterinsights_skip_tracking":false,"_monsterinsights_sitenote_active":false,"_monsterinsights_sitenote_note":"","_monsterinsights_sitenote_category":0,"footnotes":""},"categories":[4,5],"tags":[58,2293,2950,167,2951],"class_list":["post-7183","post","type-post","status-publish","format-standard","has-post-thumbnail","hentry","category-politica","category-sociedad","tag-aumento","tag-ips","tag-jubilaciones-bonaerenses","tag-kicillof","tag-marina-moretti"],"_links":{"self":[{"href":"https:\/\/www.visionweb.com.ar\/index.php?rest_route=\/wp\/v2\/posts\/7183","targetHints":{"allow":["GET"]}}],"collection":[{"href":"https:\/\/www.visionweb.com.ar\/index.php?rest_route=\/wp\/v2\/posts"}],"about":[{"href":"https:\/\/www.visionweb.com.ar\/index.php?rest_route=\/wp\/v2\/types\/post"}],"author":[{"embeddable":true,"href":"https:\/\/www.visionweb.com.ar\/index.php?rest_route=\/wp\/v2\/users\/4"}],"replies":[{"embeddable":true,"href":"https:\/\/www.visionweb.com.ar\/index.php?rest_route=%2Fwp%2Fv2%2Fcomments&post=7183"}],"version-history":[{"count":2,"href":"https:\/\/www.visionweb.com.ar\/index.php?rest_route=\/wp\/v2\/posts\/7183\/revisions"}],"predecessor-version":[{"id":7186,"href":"https:\/\/www.visionweb.com.ar\/index.php?rest_route=\/wp\/v2\/posts\/7183\/revisions\/7186"}],"wp:featuredmedia":[{"embeddable":true,"href":"https:\/\/www.visionweb.com.ar\/index.php?rest_route=\/wp\/v2\/media\/7185"}],"wp:attachment":[{"href":"https:\/\/www.visionweb.com.ar\/index.php?rest_route=%2Fwp%2Fv2%2Fmedia&parent=7183"}],"wp:term":[{"taxonomy":"category","embeddable":true,"href":"https:\/\/www.visionweb.com.ar\/index.php?rest_route=%2Fwp%2Fv2%2Fcategories&post=7183"},{"taxonomy":"post_tag","embeddable":true,"href":"https:\/\/www.visionweb.com.ar\/index.php?rest_route=%2Fwp%2Fv2%2Ftags&post=7183"}],"curies":[{"name":"wp","href":"https:\/\/api.w.org\/{rel}","templated":true}]}}