{"id":7179,"date":"2022-09-08T21:12:44","date_gmt":"2022-09-09T00:12:44","guid":{"rendered":"https:\/\/www.visionweb.com.ar\/?p=7179"},"modified":"2022-09-08T21:12:44","modified_gmt":"2022-09-09T00:12:44","slug":"el-sabado-haran-una-misa-por-la-paz-en-lujan","status":"publish","type":"post","link":"https:\/\/www.visionweb.com.ar\/?p=7179","title":{"rendered":"El s\u00e1bado har\u00e1n una \u201cMisa por la Paz\u201d en Luj\u00e1n"},"content":{"rendered":"<p><em><strong>Alberto Fern\u00e1ndez participar\u00e1 con todo su gabinete de la misa contra el odio en Luj\u00e1n, convocada por la Iglesia. Larreta todav\u00eda no fue invitado.<\/strong><\/em><!--more--><\/p>\n<p><strong><img loading=\"lazy\" decoding=\"async\" class=\"size-full wp-image-7181 aligncenter\" src=\"https:\/\/www.visionweb.com.ar\/wp-content\/uploads\/2022\/09\/basilica-de-lujan.bmp\" alt=\"\" width=\"438\" height=\"564\" \/>E<\/strong>l Presidente Alberto Fern\u00e1ndez confirm\u00f3 que concurrir\u00e1 a la \u201cmisa por la Paz\u201d, prevista para el pr\u00f3ximo s\u00e1bado en la bas\u00edlica de Luj\u00e1n. Asistir\u00e1 con todo su gabinete a la ceremonia para rezar por la fraternidad de los argentinos. Ser\u00e1 tambi\u00e9n un espacio de apoyo a la vicepresidenta. A la vez, convoc\u00f3 a todos los sectores, en busca de bajar tensiones.<\/p>\n<p>En esa l\u00ednea, la \u00a0portavoz de la Presidencia, Gabriela Cerruti, en su habitual conferencia de prensa inform\u00f3 esta tarde que el presidente Alberto Fern\u00e1ndez <strong>\u00abinvit\u00f3 a todos los ministros\u00bb<\/strong><strong>\u00a0<\/strong>del Gabinete nacional a participar este s\u00e1bado de la misa en el santuario de Nuestra Se\u00f1ora de Luj\u00e1n.<\/p>\n<p>Cerruti indic\u00f3 que lo ocurrido obliga a\u00a0replantear<strong> \u201cel pacto democr\u00e1tico, a ratificarlo y profundizarlo\u201d<\/strong><strong>\u00a0<\/strong>y, en ese sentido, destac\u00f3 los esfuerzos que se est\u00e1n haciendo desde el Poder Ejecutivo y el Legislativo en di\u00e1logo con otros sectores, incluida la oposici\u00f3n.<\/p>\n<p>As\u00ed, el Presidente ir\u00e1 a la bas\u00edlica de Luj\u00e1n con todo su gabinete y estar\u00e1 acompa\u00f1ado por intendentes del PJ bonaerense, el gobernador Axel Kicillof y gran parte de los dirigentes que lideran movimientos sociales alineados al kirchnerismo.<\/p>\n<p>Las m\u00e1ximas autoridades eclesi\u00e1sticas no pusieron objeciones con la presencia del mandatario en la bas\u00edlica el s\u00e1bado a las 10 hs, a pesar de que algunos sectores de la Iglesia no quer\u00edan que la celebraci\u00f3n se politice.<\/p>\n<p>Desde el Ministerio del Interior trabajan en la convocatoria hacia todos los sectores, e indicaron que: \u201cCon el convencimiento de que es necesario\u00a0<strong>abordar el tema de la intolerancia pol\u00edtica<\/strong><strong>\u00a0<\/strong>en la sociedad\u201d.<\/p>\n<p>En es contexto, De Pedro dialog\u00f3 con varios referentes de las principales fuerzas pol\u00edticas, como el diputado nacional por la UCR,\u00a0<strong>Facundo Manes<\/strong>, quien confirm\u00f3: \u201cWado me llam\u00f3 y me plante\u00f3 la convocatoria para participar en la misa por la paz, pero le dije que no puedo asistir porque tengo compromisos en la Patagonia\u201d, explic\u00f3.<\/p>\n<p>\u201cTodo lo que pas\u00f3 tiene que ser un llamado de atenci\u00f3n para <strong>construir un pa\u00eds donde se pueda encontrar puentes<\/strong><strong>\u00a0<\/strong>para empezar a revertir esta decadencia\u201d, sostuvo Manes.<\/p>\n<p>Mientras tanto, el jefe del Gobierno porte\u00f1o,\u00a0<strong>Horacio Rodr\u00edguez Larreta<\/strong>, manifest\u00f3 que hasta el momento no hab\u00eda recibido convocatoria formal por parte del Gobierno nacional.<\/p>\n<p>Larreta sostuvo que: \u00abNo me convocaron; nadie me llam\u00f3. La gente est\u00e1 necesitando el di\u00e1logo pero este Gobierno no ha mostrado esa vocaci\u00f3n\u00bb; y con respecto al intento de magnicidio contra la Vicepresidenta, a\u00f1adi\u00f3: \u00ablos argentinos perdimos una gran oportunidad de unirnos y repudiar juntos ese hecho\u00bb. <strong>(VW)<\/strong><\/p>\n","protected":false},"excerpt":{"rendered":"<p>Alberto Fern\u00e1ndez participar\u00e1 con todo su gabinete de la misa contra el odio en Luj\u00e1n, convocada por la Iglesia. Larreta todav\u00eda no fue invitado.<\/p>\n","protected":false},"author":4,"featured_media":7181,"comment_status":"closed","ping_status":"closed","sticky":false,"template":"","format":"standard","meta":{"_monsterinsights_skip_tracking":false,"_monsterinsights_sitenote_active":false,"_monsterinsights_sitenote_note":"","_monsterinsights_sitenote_category":0,"footnotes":""},"categories":[4,5],"tags":[44,184,1408,2949,2948],"class_list":["post-7179","post","type-post","status-publish","format-standard","has-post-thumbnail","hentry","category-politica","category-sociedad","tag-alberto-fernandez","tag-larreta","tag-lujan","tag-manes-cerruti","tag-misa-nor-la-paz"],"_links":{"self":[{"href":"https:\/\/www.visionweb.com.ar\/index.php?rest_route=\/wp\/v2\/posts\/7179","targetHints":{"allow":["GET"]}}],"collection":[{"href":"https:\/\/www.visionweb.com.ar\/index.php?rest_route=\/wp\/v2\/posts"}],"about":[{"href":"https:\/\/www.visionweb.com.ar\/index.php?rest_route=\/wp\/v2\/types\/post"}],"author":[{"embeddable":true,"href":"https:\/\/www.visionweb.com.ar\/index.php?rest_route=\/wp\/v2\/users\/4"}],"replies":[{"embeddable":true,"href":"https:\/\/www.visionweb.com.ar\/index.php?rest_route=%2Fwp%2Fv2%2Fcomments&post=7179"}],"version-history":[{"count":2,"href":"https:\/\/www.visionweb.com.ar\/index.php?rest_route=\/wp\/v2\/posts\/7179\/revisions"}],"predecessor-version":[{"id":7182,"href":"https:\/\/www.visionweb.com.ar\/index.php?rest_route=\/wp\/v2\/posts\/7179\/revisions\/7182"}],"wp:featuredmedia":[{"embeddable":true,"href":"https:\/\/www.visionweb.com.ar\/index.php?rest_route=\/wp\/v2\/media\/7181"}],"wp:attachment":[{"href":"https:\/\/www.visionweb.com.ar\/index.php?rest_route=%2Fwp%2Fv2%2Fmedia&parent=7179"}],"wp:term":[{"taxonomy":"category","embeddable":true,"href":"https:\/\/www.visionweb.com.ar\/index.php?rest_route=%2Fwp%2Fv2%2Fcategories&post=7179"},{"taxonomy":"post_tag","embeddable":true,"href":"https:\/\/www.visionweb.com.ar\/index.php?rest_route=%2Fwp%2Fv2%2Ftags&post=7179"}],"curies":[{"name":"wp","href":"https:\/\/api.w.org\/{rel}","templated":true}]}}