{"id":7173,"date":"2022-09-08T19:40:01","date_gmt":"2022-09-08T22:40:01","guid":{"rendered":"https:\/\/www.visionweb.com.ar\/?p=7173"},"modified":"2022-09-08T19:46:48","modified_gmt":"2022-09-08T22:46:48","slug":"fallecio-la-reina-isabel-ii-de-inglaterra","status":"publish","type":"post","link":"https:\/\/www.visionweb.com.ar\/?p=7173","title":{"rendered":"Falleci\u00f3 la Reina Isabel II de Inglaterra"},"content":{"rendered":"<p><em><strong>El Palacio de Buckingham hab\u00eda publicado un preocupante comunicado en el que avisaban que la monarca de 96 a\u00f1os, la m\u00e1s longeva de la historia de las islas, se encontraba \u201cbajo supervisi\u00f3n m\u00e9dica\u201d.<\/strong><\/em><!--more--><\/p>\n<div id=\"attachment_7174\" style=\"width: 310px\" class=\"wp-caption alignleft\"><img loading=\"lazy\" decoding=\"async\" aria-describedby=\"caption-attachment-7174\" class=\"wp-image-7174 size-medium\" src=\"https:\/\/www.visionweb.com.ar\/wp-content\/uploads\/2022\/09\/ISABEL-II-300x169.png\" alt=\"\" width=\"300\" height=\"169\" srcset=\"https:\/\/www.visionweb.com.ar\/wp-content\/uploads\/2022\/09\/ISABEL-II-300x169.png 300w, https:\/\/www.visionweb.com.ar\/wp-content\/uploads\/2022\/09\/ISABEL-II-768x432.png 768w, https:\/\/www.visionweb.com.ar\/wp-content\/uploads\/2022\/09\/ISABEL-II.png 800w\" sizes=\"auto, (max-width: 300px) 100vw, 300px\" \/><p id=\"caption-attachment-7174\" class=\"wp-caption-text\"><strong><em>La Reina Isabel II de Inglaterra gobern\u00f3 por 70 a\u00f1os el Reino Unido (Foto: Telam)<\/em><\/strong><\/p><\/div>\n<p><strong>L<\/strong>a reina Isabel II del Reino Unido muri\u00f3 en la tarde del jueves en el castillo escoc\u00e9s de Balmoral su residencia preferida donde sol\u00eda pasar los veranos.<\/p>\n<p>Nacida como Elizabeth Alexandra Mary Windsor; en Londres el 21 de abril de 1926, ascendi\u00f3 al al trono en 1952 y lo ocup\u00f3 durante m\u00e1s de 70 a\u00f1os.<\/p>\n<p>Su padre, el rey Jorge VI, la llamaba Lilibeth y pas\u00f3 su adolescencia en el Londres arrasado por las bombas alemanas mientras trabajaba como mec\u00e1nica de aviones y consum\u00eda las mismas raciones que la poblaci\u00f3n civil de la capital inglesa.<\/p>\n<p>Tras la victoria aliada, vivi\u00f3 la guerra fr\u00eda y la descolonizaci\u00f3n que la llev\u00f3 a renunciar a su t\u00edtulo de emperatiz de la India.<\/p>\n<p>A\u00fan as\u00ed muri\u00f3 siendo jefa de catorce Estados independientes constituidos en reino y que forman parte de la Comunidad de Naciones: Reino Unido, Canad\u00e1, Australia, Nueva Zelanda, Jamaica, Bahamas, Belice, Granada, Pap\u00faa Nueva Guinea, Islas Salom\u00f3n, Tuvalu, Santa Luc\u00eda, San Vicente y las Granadinas, Belice, Antigua y Barbuda y San Crist\u00f3bal y Nieves.<\/p>\n<p>Buckingham hab\u00eda publicado un preocupante comunicado en el que avisaban que la monarca de 96 a\u00f1os, la m\u00e1s longeva de la historia de las islas, se encontraba \u201cbajo supervisi\u00f3n m\u00e9dica\u201d.<\/p>\n<p>Inmediatamente, el heredero de la corona, el pr\u00edncipe Carlos, de 73 a\u00f1os, y el hijo mayor de este, Guillermo, de 40 a\u00f1os, emprendieron viaje a Balmoral, unos 800 kil\u00f3metros al norte de Londres. Pronto se les unieron otros miembros de la familia real, entre ellos la princesa Ana y los pr\u00edncipes Andr\u00e9s y Eduardo.<\/p>\n<p><strong>Condolencias del Papa Francisco<\/strong><\/p>\n<p>El papa Francisco le envi\u00f3 un saludo especial al flamante Rey Carlos III a trav\u00e9s de un telegrama, tras la muerte de su madre, la Reina Isabel II, fallecida a los 96 a\u00f1os.<\/p>\n<p>\u201cProfundamente entristecido al enterarme de la muerte de Su Majestad la Reina Isabel II, ofrezco de coraz\u00f3n condolencias a Su Majestad, los miembros de la familia real, el pueblo del Reino Unido y la Commonwealth\u201d, expres\u00f3 el pont\u00edfice en un telegrama enviado al heredero de 73 a\u00f1os y divulgado por la oficina de Prensa de la Santa Sede.<\/p>\n<p>\u201cDe buena gana me uno a todos los que lloran su p\u00e9rdida para orar por el descanso eterno de la difunta Reina, y rindiendo homenaje a su vida de incansable servicio, al bien de la Naci\u00f3n y la Commonwealth, su ejemplo de devoci\u00f3n al deber, su firme testimonio de fe en Jesucristo y su firme esperanza en sus promesas\u201d, a\u00f1adi\u00f3 Jorge Bergoglio en la misiva.<\/p>\n<p>La monarca Isabel II de Reino Unido falleci\u00f3 este jueves a los 96 a\u00f1os y tras siete d\u00e9cadas de reinado, inform\u00f3 el Palacio de Buckingham, que m\u00e1s temprano hab\u00eda indicado que los m\u00e9dicos estaban \u201cpreocupados por su salud\u201d.<\/p>\n<p>\u201cEncomendando su noble alma a la bondad misericordiosa de nuestro Padre Celestial, aseguro a Su Majestad mis oraciones para que Dios Todopoderoso la sostenga con su gracia inagotable mientras toma sus altas responsabilidades como Rey\u201d, agreg\u00f3 luego el Papa.<\/p>\n<p>\u201cSobre Usted y todos los que aprecian la memoria de su difunta madre, invoco la abundancia de las bendiciones divinas como prenda de consuelo y fortaleza en el Se\u00f1or\u201d, se despidi\u00f3 Francisco al saludar al hijo de la quien fue la monarca brit\u00e1nica desde 1952.<\/p>\n<p><strong>Del Gobierno Argentino<\/strong><\/p>\n<p>El Gobierno de Alberto Fern\u00e1ndez emiti\u00f3 dos peque\u00f1os comunicados este jueves para manifestar las condolencias por la muerte de la reina brit\u00e1nica, Isabel II, y envi\u00f3 sus saludos a la sociedad del Reino Unido, en un momento de conmoci\u00f3n mundial por la partida de aquella importante l\u00edder pol\u00edtica.<\/p>\n<p>La Canciller\u00eda argentina lanz\u00f3 un posteo en redes sociales: \u00abIsabel Alejandra Mar\u00eda Windsor (1926-2022), reina del Reino Unido bajo el nombre de Isabel II desde 1952\u00bb, introdujo la publicaci\u00f3n de Twitter. La cartera conducida por Santiago Cafiero a\u00f1adi\u00f3: \u00abEl Gobierno de la Rep\u00fablica Argentina expresa su pesar por su fallecimiento y acompa\u00f1a al pueblo brit\u00e1nico y a su familia en este momento de dolor\u00bb.<\/p>\n<p>En la cuenta oficial de la Casa Rosada tambi\u00e9n se emiti\u00f3 un mensaje: \u00abEl Gobierno argentino saluda y acompa\u00f1a al pueblo y Gobierno brit\u00e1nico ante el fallecimiento de su jefa de Estado, la reina Isabel II\u00bb.<\/p>\n<p>De esta forma, la administraci\u00f3n de Alberto Fern\u00e1ndez se sum\u00f3 a las declaraciones de diversos Gobiernos del mundo que expresaron sus condolencias por el fallecimiento.<\/p>\n<p>Estas expresiones del Ejecutivo nacional causan especial inter\u00e9s porque Argentina y el Reino Unido sostienen un hist\u00f3rico conflicto territorial por la administraci\u00f3n de las Islas Malvinas, ocupadas hace d\u00e9cadas por los ingleses pese a estar m\u00e1s pr\u00f3ximas al territorio argentino<strong>(VW)<\/strong>.<\/p>\n","protected":false},"excerpt":{"rendered":"<p>El Palacio de Buckingham hab\u00eda publicado un preocupante comunicado en el que avisaban que la monarca de 96 a\u00f1os, la m\u00e1s longeva de la historia de las islas, se encontraba \u201cbajo supervisi\u00f3n m\u00e9dica\u201d.<\/p>\n","protected":false},"author":3,"featured_media":7174,"comment_status":"closed","ping_status":"closed","sticky":false,"template":"","format":"standard","meta":{"_monsterinsights_skip_tracking":false,"_monsterinsights_sitenote_active":false,"_monsterinsights_sitenote_note":"","_monsterinsights_sitenote_category":0,"footnotes":""},"categories":[1822],"tags":[161,2947,2946],"class_list":["post-7173","post","type-post","status-publish","format-standard","has-post-thumbnail","hentry","category-internacionales","tag-fallecimiento","tag-gran-bretana","tag-isabel-ii"],"_links":{"self":[{"href":"https:\/\/www.visionweb.com.ar\/index.php?rest_route=\/wp\/v2\/posts\/7173","targetHints":{"allow":["GET"]}}],"collection":[{"href":"https:\/\/www.visionweb.com.ar\/index.php?rest_route=\/wp\/v2\/posts"}],"about":[{"href":"https:\/\/www.visionweb.com.ar\/index.php?rest_route=\/wp\/v2\/types\/post"}],"author":[{"embeddable":true,"href":"https:\/\/www.visionweb.com.ar\/index.php?rest_route=\/wp\/v2\/users\/3"}],"replies":[{"embeddable":true,"href":"https:\/\/www.visionweb.com.ar\/index.php?rest_route=%2Fwp%2Fv2%2Fcomments&post=7173"}],"version-history":[{"count":4,"href":"https:\/\/www.visionweb.com.ar\/index.php?rest_route=\/wp\/v2\/posts\/7173\/revisions"}],"predecessor-version":[{"id":7178,"href":"https:\/\/www.visionweb.com.ar\/index.php?rest_route=\/wp\/v2\/posts\/7173\/revisions\/7178"}],"wp:featuredmedia":[{"embeddable":true,"href":"https:\/\/www.visionweb.com.ar\/index.php?rest_route=\/wp\/v2\/media\/7174"}],"wp:attachment":[{"href":"https:\/\/www.visionweb.com.ar\/index.php?rest_route=%2Fwp%2Fv2%2Fmedia&parent=7173"}],"wp:term":[{"taxonomy":"category","embeddable":true,"href":"https:\/\/www.visionweb.com.ar\/index.php?rest_route=%2Fwp%2Fv2%2Fcategories&post=7173"},{"taxonomy":"post_tag","embeddable":true,"href":"https:\/\/www.visionweb.com.ar\/index.php?rest_route=%2Fwp%2Fv2%2Ftags&post=7173"}],"curies":[{"name":"wp","href":"https:\/\/api.w.org\/{rel}","templated":true}]}}