{"id":7160,"date":"2022-09-08T17:30:40","date_gmt":"2022-09-08T20:30:40","guid":{"rendered":"https:\/\/www.visionweb.com.ar\/?p=7160"},"modified":"2022-09-08T17:30:40","modified_gmt":"2022-09-08T20:30:40","slug":"anuncian-nuevo-aumento-para-los-trabajadores-del-estado-bonaerense","status":"publish","type":"post","link":"https:\/\/www.visionweb.com.ar\/?p=7160","title":{"rendered":"Anuncian nuevo aumento para los trabajadores del estado bonaerense"},"content":{"rendered":"<p><em><strong>El Gobierno de la Provincia convocar\u00e1 a los gremios nuevamente en octubre, en el marco de la paritaria 2022.<\/strong><\/em><!--more--><\/p>\n<p><strong><img loading=\"lazy\" decoding=\"async\" class=\"size-medium wp-image-6977 alignright\" src=\"https:\/\/www.visionweb.com.ar\/wp-content\/uploads\/2022\/08\/ESTATALES-PIDEN-REABRIR-LAS-PARITARIAS-CADA-TRES-MESES-300x169.png\" alt=\"\" width=\"300\" height=\"169\" srcset=\"https:\/\/www.visionweb.com.ar\/wp-content\/uploads\/2022\/08\/ESTATALES-PIDEN-REABRIR-LAS-PARITARIAS-CADA-TRES-MESES-300x169.png 300w, https:\/\/www.visionweb.com.ar\/wp-content\/uploads\/2022\/08\/ESTATALES-PIDEN-REABRIR-LAS-PARITARIAS-CADA-TRES-MESES.png 640w\" sizes=\"auto, (max-width: 300px) 100vw, 300px\" \/>L<\/strong>os trabajadores estatales de la provincia de Buenos Aires recibir\u00e1n un incremento del 25% en sus haberes de septiembre, seg\u00fan acordaron los gremios.<\/p>\n<p>La mejora se concret\u00f3 luego de una reuni\u00f3n que el gobernador bonaerense, Axel Kicillof, mantuvo con los\u00a0 representantes de los gremios de la administraci\u00f3n p\u00fablica, beneficio que alcanza a\u00a0 todos los reg\u00edmenes del Estado provincial. En lo que va del a\u00f1o la mejora salarial alcanza al 70%<\/p>\n<p>El mandatario estuvo acompa\u00f1ado por el ministro de Hacienda y Finanzas, Pablo L\u00f3pez, y su par de Trabajo, Walter Correa, y la ministra de Mujeres, Pol\u00edticas de G\u00e9nero y Diversidad Sexual, Estela D\u00edaz.<\/p>\n<p>\u00abNuestro compromiso con las y los trabajadores es la recuperaci\u00f3n del poder adquisitivo; es un objetivo fundamental que nos hemos trazado desde el primer d\u00eda, ya que es lo que nos permitir\u00e1 alcanzar una mejor distribuci\u00f3n del ingreso y apuntalar la producci\u00f3n y el empleo\u00bb asegur\u00f3 Kicillof.<\/p>\n<p>\u00abEn un contexto de alta incertidumbre internacional, seguimos trabajando para que los salarios de los y las trabajadoras de la administraci\u00f3n p\u00fablica de la Provincia no pierdan contra la inflaci\u00f3n\u00bb, agreg\u00f3.<\/p>\n<p>A partir de la aceleraci\u00f3n imprevista de la inflaci\u00f3n y su impacto en el poder adquisitivo, la provincia decidi\u00f3 mejorar el aumento de septiembre y llevarlo al 25%, en promedio, que se agrega a las subas que ya se hicieron efectivas en marzo, mayo y julio, y a la prevista para diciembre, asegurando un piso de aumento salarial del 70% para todos los reg\u00edmenes de la administraci\u00f3n p\u00fablica provincial.<\/p>\n<p>En tanto, el ministro L\u00f3pez asegur\u00f3 que \u00abesta decisi\u00f3n es una muestra m\u00e1s del compromiso de nuestra gesti\u00f3n con la recomposici\u00f3n salarial, traducida en decisiones concretas. Tenemos la vocaci\u00f3n, la voluntad y el objetivo de recomponer el poder adquisitivo de las y los trabajadores de la provincia de Buenos Aires\u00bb.<\/p>\n<p>El ministro Correa asegur\u00f3 que \u00abhay un Estado Provincial presente que interpreta y acompa\u00f1a a la clase trabajadora y un Ministerio de Trabajo feliz de poder continuar con las paritarias abiertas y libres. Es una paritaria muy especial porque de uno y del otro lado de la mesa hay compa\u00f1eros y compa\u00f1eras\u00bb.<\/p>\n<p>Agreg\u00f3 que \u00abgracias a las paritarias, esa herramienta que nos devolvi\u00f3 N\u00e9stor Kirchner en 2003, este Estado Provincial pudo acompa\u00f1ar a todos los trabajadores para que sus salarios no pierdan con la inflaci\u00f3n\u00bb.<\/p>\n<p>Durante la reuni\u00f3n, los presentes tambi\u00e9n manifestaron su repudio al intento de magnicidio contra la vicepresidenta Cristina Fern\u00e1ndez de Kirchner.<\/p>\n<p>Estuvieron presentes representantes de los gremios Suteba, FEB, AMET, Sadop, Udocba, UDA, UPCN, ATE, Aemopba, AMS, Sosba, SSP, Smhlp, Apoc, AERI, Soeme, Cicop, APLA, APV, AECN, AMRA, SGP, AJB y Ajamop.<\/p>\n<p>Participaron tambi\u00e9n, por el Ministerio de Hacienda y Finanzas, el subsecretario de Coordinaci\u00f3n Econ\u00f3mica y Estad\u00edstica, Nicol\u00e1s Todesca, y la directora de Econom\u00eda Laboral del Sector P\u00fablico, Gisela Swaels. Por el Ministerio de Trabajo, la jefa de Gabinete, Cecilia Cecchinila; el director del Registro Paritario, Jorge Demo, y la directora de Gesti\u00f3n de la Negociaci\u00f3n Colectiva, Valeria Cortez<strong>(VW)<\/strong>.<\/p>\n","protected":false},"excerpt":{"rendered":"<p>El Gobierno de la Provincia convocar\u00e1 a los gremios nuevamente en octubre, en el marco de la paritaria 2022.<\/p>\n","protected":false},"author":3,"featured_media":6977,"comment_status":"closed","ping_status":"closed","sticky":false,"template":"","format":"standard","meta":{"_monsterinsights_skip_tracking":false,"_monsterinsights_sitenote_active":false,"_monsterinsights_sitenote_note":"","_monsterinsights_sitenote_category":0,"footnotes":""},"categories":[4],"tags":[58,1907,57,56],"class_list":["post-7160","post","type-post","status-publish","format-standard","has-post-thumbnail","hentry","category-politica","tag-aumento","tag-estatales","tag-gremios","tag-salarios"],"_links":{"self":[{"href":"https:\/\/www.visionweb.com.ar\/index.php?rest_route=\/wp\/v2\/posts\/7160","targetHints":{"allow":["GET"]}}],"collection":[{"href":"https:\/\/www.visionweb.com.ar\/index.php?rest_route=\/wp\/v2\/posts"}],"about":[{"href":"https:\/\/www.visionweb.com.ar\/index.php?rest_route=\/wp\/v2\/types\/post"}],"author":[{"embeddable":true,"href":"https:\/\/www.visionweb.com.ar\/index.php?rest_route=\/wp\/v2\/users\/3"}],"replies":[{"embeddable":true,"href":"https:\/\/www.visionweb.com.ar\/index.php?rest_route=%2Fwp%2Fv2%2Fcomments&post=7160"}],"version-history":[{"count":1,"href":"https:\/\/www.visionweb.com.ar\/index.php?rest_route=\/wp\/v2\/posts\/7160\/revisions"}],"predecessor-version":[{"id":7168,"href":"https:\/\/www.visionweb.com.ar\/index.php?rest_route=\/wp\/v2\/posts\/7160\/revisions\/7168"}],"wp:featuredmedia":[{"embeddable":true,"href":"https:\/\/www.visionweb.com.ar\/index.php?rest_route=\/wp\/v2\/media\/6977"}],"wp:attachment":[{"href":"https:\/\/www.visionweb.com.ar\/index.php?rest_route=%2Fwp%2Fv2%2Fmedia&parent=7160"}],"wp:term":[{"taxonomy":"category","embeddable":true,"href":"https:\/\/www.visionweb.com.ar\/index.php?rest_route=%2Fwp%2Fv2%2Fcategories&post=7160"},{"taxonomy":"post_tag","embeddable":true,"href":"https:\/\/www.visionweb.com.ar\/index.php?rest_route=%2Fwp%2Fv2%2Ftags&post=7160"}],"curies":[{"name":"wp","href":"https:\/\/api.w.org\/{rel}","templated":true}]}}