{"id":7153,"date":"2022-09-08T07:27:46","date_gmt":"2022-09-08T10:27:46","guid":{"rendered":"https:\/\/www.visionweb.com.ar\/?p=7153"},"modified":"2022-09-07T20:41:23","modified_gmt":"2022-09-07T23:41:23","slug":"lanus-este-viernes-se-realizaran-entrevistas-por-busqueda-de-empleo","status":"publish","type":"post","link":"https:\/\/www.visionweb.com.ar\/?p=7153","title":{"rendered":"Lan\u00fas: Este viernes se realizar\u00e1n entrevistas por b\u00fasqueda de empleo"},"content":{"rendered":"<p><strong><em>La convocatoria es para aquellas personas que buscan empleo en diferentes especialidades. Representantes de empresas realizar\u00e1n las entrevistas.<\/em><\/strong> <!--more--><\/p>\n<p><strong><img loading=\"lazy\" decoding=\"async\" class=\"size-full wp-image-6035 alignright\" src=\"https:\/\/www.visionweb.com.ar\/wp-content\/uploads\/2022\/06\/cursos-trabajo.bmp\" alt=\"\" width=\"544\" height=\"412\" \/>E<\/strong>l municipio de Lan\u00fas facilitar\u00e1 un espacio en el que podr\u00e1n encontrarse empresas que necesiten sumar capital humano con\u00a0<strong>personas que se encuentre en b\u00fasqueda activa de empleo<\/strong>.<\/p>\n<p>El encuentro est\u00e1 previsto para este\u00a0<strong>viernes a partir de las 10 de la ma\u00f1ana\u00a0<\/strong>en el Punto Digital del Parque Eva Per\u00f3n, C\u00f3rdoba y Purita, Lan\u00fas Este.<\/p>\n<p>Los posiciones a cubrir son las siguientes:<\/p>\n<ul>\n<li>Ayudante de cocina<\/li>\n<li>Bachero<\/li>\n<li>Runner<\/li>\n<li>Ayudante de panader\u00eda<\/li>\n<li>Jefe de planta<\/li>\n<li>Supervisor de planta<\/li>\n<li>Encargado de turno<\/li>\n<li>Gerente de local<\/li>\n<li>Jefe de cocina<\/li>\n<li>Cabe recordar que el portal laboral del municipio de Lan\u00fas sum\u00f3 16 mil inscripciones y logr\u00f3 la creaci\u00f3n de 400 puestos de trabajo en el sector privado que fueron ocupados por vecinos del distrito.\u00a0<strong>(VW)<\/strong><\/li>\n<\/ul>\n","protected":false},"excerpt":{"rendered":"<p>La convocatoria es para aquellas personas que buscan empleo en diferentes especialidades. Representantes de empresas realizar\u00e1n las entrevistas.<\/p>\n","protected":false},"author":3,"featured_media":6035,"comment_status":"closed","ping_status":"closed","sticky":false,"template":"","format":"standard","meta":{"_monsterinsights_skip_tracking":false,"_monsterinsights_sitenote_active":false,"_monsterinsights_sitenote_note":"","_monsterinsights_sitenote_category":0,"footnotes":""},"categories":[8],"tags":[2000,663,1443],"class_list":["post-7153","post","type-post","status-publish","format-standard","has-post-thumbnail","hentry","category-interes-general","tag-empleo","tag-empresas","tag-velodromo"],"_links":{"self":[{"href":"https:\/\/www.visionweb.com.ar\/index.php?rest_route=\/wp\/v2\/posts\/7153","targetHints":{"allow":["GET"]}}],"collection":[{"href":"https:\/\/www.visionweb.com.ar\/index.php?rest_route=\/wp\/v2\/posts"}],"about":[{"href":"https:\/\/www.visionweb.com.ar\/index.php?rest_route=\/wp\/v2\/types\/post"}],"author":[{"embeddable":true,"href":"https:\/\/www.visionweb.com.ar\/index.php?rest_route=\/wp\/v2\/users\/3"}],"replies":[{"embeddable":true,"href":"https:\/\/www.visionweb.com.ar\/index.php?rest_route=%2Fwp%2Fv2%2Fcomments&post=7153"}],"version-history":[{"count":3,"href":"https:\/\/www.visionweb.com.ar\/index.php?rest_route=\/wp\/v2\/posts\/7153\/revisions"}],"predecessor-version":[{"id":7156,"href":"https:\/\/www.visionweb.com.ar\/index.php?rest_route=\/wp\/v2\/posts\/7153\/revisions\/7156"}],"wp:featuredmedia":[{"embeddable":true,"href":"https:\/\/www.visionweb.com.ar\/index.php?rest_route=\/wp\/v2\/media\/6035"}],"wp:attachment":[{"href":"https:\/\/www.visionweb.com.ar\/index.php?rest_route=%2Fwp%2Fv2%2Fmedia&parent=7153"}],"wp:term":[{"taxonomy":"category","embeddable":true,"href":"https:\/\/www.visionweb.com.ar\/index.php?rest_route=%2Fwp%2Fv2%2Fcategories&post=7153"},{"taxonomy":"post_tag","embeddable":true,"href":"https:\/\/www.visionweb.com.ar\/index.php?rest_route=%2Fwp%2Fv2%2Ftags&post=7153"}],"curies":[{"name":"wp","href":"https:\/\/api.w.org\/{rel}","templated":true}]}}