{"id":7135,"date":"2022-09-06T11:35:19","date_gmt":"2022-09-06T14:35:19","guid":{"rendered":"https:\/\/www.visionweb.com.ar\/?p=7135"},"modified":"2022-09-06T11:35:19","modified_gmt":"2022-09-06T14:35:19","slug":"provincia-el-ministro-walter-correa-designo-a-cecilia-cecchini-como-jefa-de-gabinete","status":"publish","type":"post","link":"https:\/\/www.visionweb.com.ar\/?p=7135","title":{"rendered":"Provincia: El ministro Walter Correa design\u00f3 a Cecilia Cecchini como jefa de Gabinete"},"content":{"rendered":"<p><em><strong>Cecilia Cecchini es dirigente sindicalista de la CTA y ser\u00e1 la mano derecha de Walter Correa en el Ministerio de Trabajo. El titular de la cartera laboral hizo hincapi\u00e9 en la \u201cexperiencia e idoneidad\u201d para el cargo.<\/strong><\/em><!--more--><\/p>\n<div id=\"attachment_7137\" style=\"width: 665px\" class=\"wp-caption aligncenter\"><img loading=\"lazy\" decoding=\"async\" aria-describedby=\"caption-attachment-7137\" class=\"wp-image-7137 size-full\" src=\"https:\/\/www.visionweb.com.ar\/wp-content\/uploads\/2022\/09\/correa-y-cecchini.bmp\" alt=\"\" width=\"655\" height=\"452\" \/><p id=\"caption-attachment-7137\" class=\"wp-caption-text\">El Ministro de Trabajo Walter Correa y la flamante jefa de Gabinete Cecilia Cecchini. (Foto: gba.gob.ar)<\/p><\/div>\n<p><strong>E<\/strong>l\u00a0Ministro de Trabajo bonaerense <strong>Walter Correa<\/strong>, design\u00f3 como su <strong>jefa de Gabinete<\/strong> a otra dirigente gremial, Cecilia Cecchini, quien mantendr\u00e1 su cargo de concejala por el Frente de Todos en Almirante Brown, y \u00a0preside el bloque oficialista.<\/p>\n<p>Se trata de una docente e integrante de la\u00a0<strong>CTA de los Trabajadores<\/strong>\u00a0y del <strong>Movimiento Mayo<\/strong>, es decir que est\u00e1 en el ala del diputado nacional\u00a0<strong>Hugo Yasky<\/strong>\u00a0y el titular de SUTEBA,<strong>\u00a0<\/strong><strong>Roberto Baradel<\/strong>.<\/p>\n<p>Adem\u00e1s, Cecchini es concejala por el Frente de Todos en Almirante Brown, cargo que seguir\u00e1 manteniendo por \u00abel compromiso con la gesti\u00f3n\u00bb, ya que es la presidenta del bloque oficialista.<\/p>\n<p>En declaraciones radiales, la dirigente se\u00f1al\u00f3 que su tarea girar\u00e1 en \u00abacompa\u00f1ar la gesti\u00f3n, convencidos primero de que vamos a dar continuidad a un trabajo muy importante que refund\u00f3 al Ministerio\u00bb, dijo en relaci\u00f3n a lo realizado por la exminstra, Mara Ruiz Malec.<\/p>\n<p>A la vez, Cecchini destac\u00f3 que: \u201cLa convocatoria vino de la mano de Walter Correa, porque nos unen muchas luchas que venimos dando juntos, cada unos desde su espacio\u201d (..) \u201cSu llamado me llena de orgullo\u201d.<\/p>\n<p>Con referencia a los diferentes conglomerados de trabajadores y trabajadoras del Estado, subray\u00f3 que: \u201cEra un Ministerio que persegu\u00eda a los gremios y ac\u00e1 se puso la cartera en su competencia de mediar los conflictos y trabajar articuladamente con los sectores del trabajo y la producci\u00f3n\u201d.<\/p>\n<p>\u00abLos municipales est\u00e1n organizados en los distritos, tenemos que analizarlo con todo el respeto que el reclamo se merece, algo en lo que ya se trabaja\u00bb, sostuvo Cecchini, y al respecto a\u00f1adi\u00f3: \u201c<strong>vamos a atender todos los reclamos que haya que atender\u00bb<\/strong>, con respecto a las paritarias. <strong>(VW)<\/strong><\/p>\n","protected":false},"excerpt":{"rendered":"<p>Cecilia Cecchini es dirigente sindicalista de la CTA y ser\u00e1 la mano derecha de Walter Correa en el Ministerio de Trabajo. El titular de la cartera laboral hizo hincapi\u00e9 en la \u201cexperiencia e idoneidad\u201d&#46;&#46;&#46;<\/p>\n","protected":false},"author":4,"featured_media":7137,"comment_status":"closed","ping_status":"closed","sticky":false,"template":"","format":"standard","meta":{"_monsterinsights_skip_tracking":false,"_monsterinsights_sitenote_active":false,"_monsterinsights_sitenote_note":"","_monsterinsights_sitenote_category":0,"footnotes":""},"categories":[4],"tags":[2932,2931,2933,2930],"class_list":["post-7135","post","type-post","status-publish","format-standard","has-post-thumbnail","hentry","category-politica","tag-cecilia-cecchini","tag-correa","tag-cta-suteba-jefa-de-gabinete","tag-ministro-de-trabajo"],"_links":{"self":[{"href":"https:\/\/www.visionweb.com.ar\/index.php?rest_route=\/wp\/v2\/posts\/7135","targetHints":{"allow":["GET"]}}],"collection":[{"href":"https:\/\/www.visionweb.com.ar\/index.php?rest_route=\/wp\/v2\/posts"}],"about":[{"href":"https:\/\/www.visionweb.com.ar\/index.php?rest_route=\/wp\/v2\/types\/post"}],"author":[{"embeddable":true,"href":"https:\/\/www.visionweb.com.ar\/index.php?rest_route=\/wp\/v2\/users\/4"}],"replies":[{"embeddable":true,"href":"https:\/\/www.visionweb.com.ar\/index.php?rest_route=%2Fwp%2Fv2%2Fcomments&post=7135"}],"version-history":[{"count":2,"href":"https:\/\/www.visionweb.com.ar\/index.php?rest_route=\/wp\/v2\/posts\/7135\/revisions"}],"predecessor-version":[{"id":7138,"href":"https:\/\/www.visionweb.com.ar\/index.php?rest_route=\/wp\/v2\/posts\/7135\/revisions\/7138"}],"wp:featuredmedia":[{"embeddable":true,"href":"https:\/\/www.visionweb.com.ar\/index.php?rest_route=\/wp\/v2\/media\/7137"}],"wp:attachment":[{"href":"https:\/\/www.visionweb.com.ar\/index.php?rest_route=%2Fwp%2Fv2%2Fmedia&parent=7135"}],"wp:term":[{"taxonomy":"category","embeddable":true,"href":"https:\/\/www.visionweb.com.ar\/index.php?rest_route=%2Fwp%2Fv2%2Fcategories&post=7135"},{"taxonomy":"post_tag","embeddable":true,"href":"https:\/\/www.visionweb.com.ar\/index.php?rest_route=%2Fwp%2Fv2%2Ftags&post=7135"}],"curies":[{"name":"wp","href":"https:\/\/api.w.org\/{rel}","templated":true}]}}