{"id":7125,"date":"2022-09-06T10:59:30","date_gmt":"2022-09-06T13:59:30","guid":{"rendered":"https:\/\/www.visionweb.com.ar\/?p=7125"},"modified":"2022-09-06T10:59:30","modified_gmt":"2022-09-06T13:59:30","slug":"lanus-continuan-los-operativos-de-salud-y-talleres-de-embarazo","status":"publish","type":"post","link":"https:\/\/www.visionweb.com.ar\/?p=7125","title":{"rendered":"Lan\u00fas: Contin\u00faan los operativos de salud y talleres de embarazo"},"content":{"rendered":"<p><em><strong>Ser\u00e1n en diferentes unidades sanitarias e instituciones sociales para que las familias puedan acceder a servicios sanitarios. Aqu\u00ed el cronograma de esta semana. <\/strong><\/em><!--more--><\/p>\n<div id=\"attachment_7127\" style=\"width: 310px\" class=\"wp-caption alignright\"><img loading=\"lazy\" decoding=\"async\" aria-describedby=\"caption-attachment-7127\" class=\"wp-image-7127 size-medium\" src=\"https:\/\/www.visionweb.com.ar\/wp-content\/uploads\/2022\/09\/lanus-operat-vacunac-300x168.jpg\" alt=\"\" width=\"300\" height=\"168\" srcset=\"https:\/\/www.visionweb.com.ar\/wp-content\/uploads\/2022\/09\/lanus-operat-vacunac-300x168.jpg 300w, https:\/\/www.visionweb.com.ar\/wp-content\/uploads\/2022\/09\/lanus-operat-vacunac.jpg 720w\" sizes=\"auto, (max-width: 300px) 100vw, 300px\" \/><p id=\"caption-attachment-7127\" class=\"wp-caption-text\">Operativos de vacunaci\u00f3n y talleres para nadres. (Foto: Prensa de Lan\u00fas)<\/p><\/div>\n<p><strong>\u00a0<\/strong><strong>\u00a0\u00a0\u00a0\u00a0\u00a0\u00a0\u00a0\u00a0\u00a0\u00a0\u00a0\u00a0\u00a0 \u00a0\u00a0\u00a0\u00a0\u00a0\u00a0\u00a0\u00a0\u00a0 L<\/strong>a Secretar\u00eda de Salud de Lan\u00fas dictar\u00e1 nuevos <strong>talleres para mujeres en per\u00edodo de gestaci\u00f3n<\/strong> y mam\u00e1s con beb\u00e9s, como as\u00ed tambi\u00e9n, continuar\u00e1 aplicando <strong>vacunas de calendario y antigripales<\/strong> a personas pertenecientes a grupos de riesgo de manera descentralizada.<\/p>\n<p>Entre los objetivos principales de los encuentros destinados al <strong>acompa\u00f1amiento de la maternidad<\/strong>, figuran la preparaci\u00f3n de los cambios f\u00edsicos y emocionales, la concreci\u00f3n del parto respetado y el fortalecimiento del per\u00edodo de lactancia, indic\u00f3 Prensa de Lan\u00fas.<\/p>\n<p>Adem\u00e1s, las vecinas reciben atenci\u00f3n m\u00e9dica integral a los fines de reducir el n\u00famero de eventos obst\u00e9tricos adversos tales como, posibles hechos de violencia y cuentan con asesoramiento personalizado sobre prevenci\u00f3n de embarazos no deseados.<\/p>\n<p>Por otra parte, los <strong>operativos de vacunaci\u00f3n<\/strong> abarcan toma de TA, realizaci\u00f3n de controles gratuitos de glucemia y consultas cl\u00ednicas o nutricionales.<\/p>\n<p>A continuaci\u00f3n, se detallan los d\u00edas, lugares y horarios de lo que resta de la semana:<\/p>\n<p><strong>Martes 06\/9:<\/strong>\u00a0Vacunaci\u00f3n de calendario y antigripal a grupos de riesgo, toma de TA y glucemia.\u00a0<strong>Horario:<\/strong>\u00a010 a 13.\u00a0<strong>Lugar:<\/strong>\u00a0Mendoza (Urquiza 3645). Se suspende por lluvia.<\/p>\n<p><strong>Mi\u00e9rcoles 07\/9:<\/strong>\u00a0Taller Embarazo y Crianza.\u00a0<strong>Horario:<\/strong>\u00a012 a 14.\u00a0<strong>Lugar:<\/strong>\u00a0CAPS Los Ceibos (Centenario Uruguayo 2898). No se suspende por lluvia.<\/p>\n<p><strong>Jueves 08\/9:<\/strong>\u00a0Taller Embarazo y Crianza.\u00a0<strong>Horario:<\/strong>\u00a010 a 12.\u00a0<strong>Lugar:<\/strong>\u00a0CAPS Eslovena (Col\u00f3n 2475). No se suspende por lluvia.<\/p>\n<p><strong>Viernes 09\/9:<\/strong>\u00a0Taller de Automanejo de Diabetes.\u00a0<strong>Horario:<\/strong>\u00a09 a 11.\u00a0<strong>Lugar:<\/strong>\u00a0CAPS Puente Alsina (Curapalig\u00fce y acceso a la estaci\u00f3n). No se suspende por lluvia.<\/p>\n<p><strong>Viernes 09\/9:<\/strong>\u00a0Vacunaci\u00f3n de calendario y antigripal a grupos de riesgo, toma de TA y glucemia, consultas nutricionales y cl\u00ednica m\u00e9dica.\u00a0<strong>Horario:<\/strong>\u00a010 a 13.\u00a0<strong>Lugar:<\/strong>\u00a0Chubut 2532 (entre Warnes y Pedraza). Se suspende por lluvia. <strong>(VW)<\/strong><\/p>\n<p>&nbsp;<\/p>\n","protected":false},"excerpt":{"rendered":"<p>Ser\u00e1n en diferentes unidades sanitarias e instituciones sociales para que las familias puedan acceder a servicios sanitarios. Aqu\u00ed el cronograma de esta semana.<\/p>\n","protected":false},"author":4,"featured_media":7127,"comment_status":"closed","ping_status":"closed","sticky":false,"template":"","format":"standard","meta":{"_monsterinsights_skip_tracking":false,"_monsterinsights_sitenote_active":false,"_monsterinsights_sitenote_note":"","_monsterinsights_sitenote_category":0,"footnotes":""},"categories":[8,5],"tags":[19,2926,100,2927],"class_list":["post-7125","post","type-post","status-publish","format-standard","has-post-thumbnail","hentry","category-interes-general","category-sociedad","tag-lanus","tag-operatvivos-de-vacunacion","tag-salud","tag-talleres-de-embarazo"],"_links":{"self":[{"href":"https:\/\/www.visionweb.com.ar\/index.php?rest_route=\/wp\/v2\/posts\/7125","targetHints":{"allow":["GET"]}}],"collection":[{"href":"https:\/\/www.visionweb.com.ar\/index.php?rest_route=\/wp\/v2\/posts"}],"about":[{"href":"https:\/\/www.visionweb.com.ar\/index.php?rest_route=\/wp\/v2\/types\/post"}],"author":[{"embeddable":true,"href":"https:\/\/www.visionweb.com.ar\/index.php?rest_route=\/wp\/v2\/users\/4"}],"replies":[{"embeddable":true,"href":"https:\/\/www.visionweb.com.ar\/index.php?rest_route=%2Fwp%2Fv2%2Fcomments&post=7125"}],"version-history":[{"count":2,"href":"https:\/\/www.visionweb.com.ar\/index.php?rest_route=\/wp\/v2\/posts\/7125\/revisions"}],"predecessor-version":[{"id":7128,"href":"https:\/\/www.visionweb.com.ar\/index.php?rest_route=\/wp\/v2\/posts\/7125\/revisions\/7128"}],"wp:featuredmedia":[{"embeddable":true,"href":"https:\/\/www.visionweb.com.ar\/index.php?rest_route=\/wp\/v2\/media\/7127"}],"wp:attachment":[{"href":"https:\/\/www.visionweb.com.ar\/index.php?rest_route=%2Fwp%2Fv2%2Fmedia&parent=7125"}],"wp:term":[{"taxonomy":"category","embeddable":true,"href":"https:\/\/www.visionweb.com.ar\/index.php?rest_route=%2Fwp%2Fv2%2Fcategories&post=7125"},{"taxonomy":"post_tag","embeddable":true,"href":"https:\/\/www.visionweb.com.ar\/index.php?rest_route=%2Fwp%2Fv2%2Ftags&post=7125"}],"curies":[{"name":"wp","href":"https:\/\/api.w.org\/{rel}","templated":true}]}}