{"id":7119,"date":"2022-09-06T09:48:02","date_gmt":"2022-09-06T12:48:02","guid":{"rendered":"https:\/\/www.visionweb.com.ar\/?p=7119"},"modified":"2022-09-06T11:15:17","modified_gmt":"2022-09-06T14:15:17","slug":"hoy-es-la-noche-de-la-pizza-y-la-empanadas","status":"publish","type":"post","link":"https:\/\/www.visionweb.com.ar\/?p=7119","title":{"rendered":"Hoy es \u00abLa noche de la Pizza y la Empanada\u00bb"},"content":{"rendered":"<p class=\"excerpt\"><strong><em>Se celebra el evento del que participar\u00e1n m\u00e1s de mil pizzer\u00edas y casas de empanadas de todo el pa\u00eds con el fin de dar impulso al consumo en el sector gastron\u00f3mico mediante diferentes promociones.<\/em><\/strong><!--more--><\/p>\n<section class=\"detail-body first-paragraph\">\n<section id=\"note-body\" class=\"body-content note-body content-protected-false\" data-twitter-link=\"https:\/\/twitter.com\/intent\/tweet?url=https:\/\/www.ambito.com\/c5527956&amp;v\u00eda=Ambitocom&amp;related=\u00e1mbito.com&amp;text=\">\n<div id=\"attachment_7120\" style=\"width: 310px\" class=\"wp-caption alignright\"><img loading=\"lazy\" decoding=\"async\" aria-describedby=\"caption-attachment-7120\" class=\"wp-image-7120 size-medium\" src=\"https:\/\/www.visionweb.com.ar\/wp-content\/uploads\/2022\/09\/DIA-DE-LA-PIZZA-UNO-300x200.jpg\" alt=\"\" width=\"300\" height=\"200\" srcset=\"https:\/\/www.visionweb.com.ar\/wp-content\/uploads\/2022\/09\/DIA-DE-LA-PIZZA-UNO-300x200.jpg 300w, https:\/\/www.visionweb.com.ar\/wp-content\/uploads\/2022\/09\/DIA-DE-LA-PIZZA-UNO-768x513.jpg 768w, https:\/\/www.visionweb.com.ar\/wp-content\/uploads\/2022\/09\/DIA-DE-LA-PIZZA-UNO.jpg 800w\" sizes=\"auto, (max-width: 300px) 100vw, 300px\" \/><p id=\"caption-attachment-7120\" class=\"wp-caption-text\"><em>Numerosos comercios gastron\u00f3micos de todo el pa\u00eds participan de la jornada (Foto: APPYCE)<\/em><\/p><\/div>\n<p>Este martes 6 de septiembre se celebra la\u00a0<em><strong>Noche de la Pizza y la Empanada\u00a0<\/strong><\/em>en el territorio argentino, donde todos los locales adheridos ofrecer\u00e1n\u00a0<strong>importantes descuentos y promociones\u00a0<\/strong>a los clientes de todo el pa\u00eds.<\/p>\n<p>El evento es organizado por\u00a0<strong>APPYCE<\/strong>\u00a0(la Asociaci\u00f3n de Pizzer\u00edas y Casas de Empanadas de la Rep\u00fablica Argentina).<\/p>\n<\/section>\n<\/section>\n<section class=\"detail-body second-paragraph\">\n<section class=\"body-content note-body content-protected-false\">\u00abEl p\u00fablico con su aceptaci\u00f3n fue quien consolid\u00f3 el \u00e9xito de este evento, ya es un cl\u00e1sico esperado del mes de septiembre y a 39 a\u00f1os de su instauraci\u00f3n, forma parte del calendario de eventos gastron\u00f3micos de alcance nacional\u00bb, expresaron a trav\u00e9s de un comunicado desde\u00a0<strong>APPYCE<\/strong>.Para celebrar el evento,\u00a0<strong>APPYCE<\/strong>\u00a0desarroll\u00f3 una aplicaci\u00f3n (que funciona tanto para iOS como Android) para que los interesados puedan acceder autom\u00e1ticamente desde sus celulares seg\u00fan su ubicaci\u00f3n a un mapa interactivo en el que\u00a0<strong>ya pueden visualizarse todas las promociones y comercios participantes<\/strong>.La entidad recomienda descargar la aplicaci\u00f3n con anticipaci\u00f3n ya que\u00a0<strong>habr\u00e1 promociones del 15, 20, 30, y hasta 50% de descuento<\/strong>, algunos en sal\u00f3n, mostrador y y\/o delivery, seg\u00fan cada establecimiento<strong>(VW).<\/strong>&nbsp;<\/p>\n<\/section>\n<\/section>\n<p>&nbsp;<\/p>\n","protected":false},"excerpt":{"rendered":"<p>Se celebra el evento del que participar\u00e1n m\u00e1s de mil pizzer\u00edas y casas de empanadas de todo el pa\u00eds con el fin de dar impulso al consumo en el sector gastron\u00f3mico mediante diferentes promociones.<\/p>\n","protected":false},"author":3,"featured_media":7120,"comment_status":"closed","ping_status":"closed","sticky":false,"template":"","format":"standard","meta":{"_monsterinsights_skip_tracking":false,"_monsterinsights_sitenote_active":false,"_monsterinsights_sitenote_note":"","_monsterinsights_sitenote_category":0,"footnotes":""},"categories":[8,1317],"tags":[2848,2849,2847],"class_list":["post-7119","post","type-post","status-publish","format-standard","has-post-thumbnail","hentry","category-interes-general","category-sabores-y-tendencias","tag-empanadas","tag-noche","tag-pizza"],"_links":{"self":[{"href":"https:\/\/www.visionweb.com.ar\/index.php?rest_route=\/wp\/v2\/posts\/7119","targetHints":{"allow":["GET"]}}],"collection":[{"href":"https:\/\/www.visionweb.com.ar\/index.php?rest_route=\/wp\/v2\/posts"}],"about":[{"href":"https:\/\/www.visionweb.com.ar\/index.php?rest_route=\/wp\/v2\/types\/post"}],"author":[{"embeddable":true,"href":"https:\/\/www.visionweb.com.ar\/index.php?rest_route=\/wp\/v2\/users\/3"}],"replies":[{"embeddable":true,"href":"https:\/\/www.visionweb.com.ar\/index.php?rest_route=%2Fwp%2Fv2%2Fcomments&post=7119"}],"version-history":[{"count":5,"href":"https:\/\/www.visionweb.com.ar\/index.php?rest_route=\/wp\/v2\/posts\/7119\/revisions"}],"predecessor-version":[{"id":7134,"href":"https:\/\/www.visionweb.com.ar\/index.php?rest_route=\/wp\/v2\/posts\/7119\/revisions\/7134"}],"wp:featuredmedia":[{"embeddable":true,"href":"https:\/\/www.visionweb.com.ar\/index.php?rest_route=\/wp\/v2\/media\/7120"}],"wp:attachment":[{"href":"https:\/\/www.visionweb.com.ar\/index.php?rest_route=%2Fwp%2Fv2%2Fmedia&parent=7119"}],"wp:term":[{"taxonomy":"category","embeddable":true,"href":"https:\/\/www.visionweb.com.ar\/index.php?rest_route=%2Fwp%2Fv2%2Fcategories&post=7119"},{"taxonomy":"post_tag","embeddable":true,"href":"https:\/\/www.visionweb.com.ar\/index.php?rest_route=%2Fwp%2Fv2%2Ftags&post=7119"}],"curies":[{"name":"wp","href":"https:\/\/api.w.org\/{rel}","templated":true}]}}