{"id":7114,"date":"2022-09-05T12:43:34","date_gmt":"2022-09-05T15:43:34","guid":{"rendered":"https:\/\/www.visionweb.com.ar\/?p=7114"},"modified":"2022-09-05T12:43:34","modified_gmt":"2022-09-05T15:43:34","slug":"se-celebro-ayer-el-dia-del-inmigrante","status":"publish","type":"post","link":"https:\/\/www.visionweb.com.ar\/?p=7114","title":{"rendered":"Se celebr\u00f3 ayer el D\u00eda del Inmigrante"},"content":{"rendered":"<p><em><strong>La conmemoraci\u00f3n fue con diversas presentaciones y exhibiciones, productos regionales de diversos pa\u00edses y hasta una muestra itinerante, para las miles de personas nacidas en otros pa\u00edses que eligieron la Argentina para asentarse, consolidar sus familias y desarrollarse laboralmente.<\/strong><\/em><!--more--><\/p>\n<div id=\"attachment_7116\" style=\"width: 719px\" class=\"wp-caption aligncenter\"><img loading=\"lazy\" decoding=\"async\" aria-describedby=\"caption-attachment-7116\" class=\"wp-image-7116 size-full\" src=\"https:\/\/www.visionweb.com.ar\/wp-content\/uploads\/2022\/09\/dia-del-inmigrante-arg.gob_.ar_.bmp\" alt=\"\" width=\"709\" height=\"269\" \/><p id=\"caption-attachment-7116\" class=\"wp-caption-text\">Festival de las Colectividades. (Foto: argentina.gob.ar)<\/p><\/div>\n<p><strong>\u00a0\u00a0\u00a0\u00a0\u00a0 \u00a0\u00a0\u00a0\u00a0\u00a0\u00a0\u00a0\u00a0 L<\/strong>a Direcci\u00f3n Nacional de Migraciones (DNM), dependiente del Ministerio del Interior, realiz\u00f3 ayer el<strong> Festival de las Colectividades <\/strong>en el Hotel de los Inmigrantes\u00a0ubicado en la Av. Ant\u00e1rtida Argentina 1355 de la Ciudad de Buenos Aires.<\/p>\n<p>La conmemoraci\u00f3n del D\u00eda del Inmigrante en Argentina se celebra cada 4 de septiembre, en recuerdo de la <strong>disposici\u00f3n dictada por el Primer Triunvirato de 1812<\/strong> que establec\u00eda la \u201cinmediata protecci\u00f3n a los individuos de todas las naciones y a sus familiares que deseen fijar domicilio en el territorio\u201d.<\/p>\n<p>La exhibici\u00f3n cont\u00f3 con la presencia de m\u00e1s de 30 embajadas y consulados de diferentes pa\u00edses, que desplegaron a sus representantes vestidos con atuendos tradicionales de sus colectividades.<\/p>\n<p>Hubo degustaci\u00f3n de platos con m\u00e1s de 60 stands gastron\u00f3micos y bebidas t\u00edpicos, artesan\u00edas regionales, espect\u00e1culos musicales y de danza de diferentes regiones del mundo.<\/p>\n<p>Los festejos comenzaron con el tradicional baile del drag\u00f3n chino, luego se present\u00f3 el Ballet SAT (Sentimiento, Alma y Tradici\u00f3n) en el stand de Bolivia; continu\u00f3 el Bollywood Dance y Ballet G\u00fcngur de Buenos Aires de India; sigui\u00f3 Espa\u00f1a; la Asociaci\u00f3n de Mujeres Colombianas en Argentina (AMCA), Bachata en el stand de Rep\u00fablica Dominicana; tambores en el stand de Uruguay, con el cierre de la banda Los del Fuego.<\/p>\n<p>A la vez\u00a0<strong>la DNM<\/strong><strong> brind\u00f3 una muestra itinerante del Museo de la Inmigraci\u00f3n,<\/strong>\u00a0para que los visitantes puedan conocer m\u00e1s detalles sobre las distintas oleadas migratorias que se produjeron en nuestro pa\u00eds, as\u00ed como consultar la base de datos del Puerto de Buenos Aires y llevarse un certificado de arribo de sus antepasados.<\/p>\n<p>En el marco del festival algunas empresas y organismos montaron sus stands, donde desplegaron diversas actividades institucionales y entretenimientos. Entre ellas YPF, Nucleoel\u00e9ctrica Argentina S.A., Energ\u00eda Argentina y AySA; adem\u00e1s del Ministerio de Cultura de la Naci\u00f3n, y el Registro Nacional de las Personas (Renaper).<\/p>\n<p>Organizaciones internacionales como la Agencia de la ONU para los Refugiados y la Organizaci\u00f3n Integral para las Migraciones (OIM), entre otros, acompa\u00f1aron tambi\u00e9n la realizaci\u00f3n del festival multicultural.<strong> (VW)<\/strong><\/p>\n<p>&nbsp;<\/p>\n","protected":false},"excerpt":{"rendered":"<p>La conmemoraci\u00f3n fue con diversas presentaciones y exhibiciones, productos regionales de diversos pa\u00edses y hasta una muestra itinerante, para las miles de personas nacidas en otros pa\u00edses que eligieron la Argentina para asentarse, consolidar&#46;&#46;&#46;<\/p>\n","protected":false},"author":4,"featured_media":7116,"comment_status":"closed","ping_status":"closed","sticky":false,"template":"","format":"standard","meta":{"_monsterinsights_skip_tracking":false,"_monsterinsights_sitenote_active":false,"_monsterinsights_sitenote_note":"","_monsterinsights_sitenote_category":0,"footnotes":""},"categories":[8,5],"tags":[2923,2925,2924],"class_list":["post-7114","post","type-post","status-publish","format-standard","has-post-thumbnail","hentry","category-interes-general","category-sociedad","tag-dia-del-inmigrante","tag-direccion-de-mugraciones","tag-festival-de-las-colectividades"],"_links":{"self":[{"href":"https:\/\/www.visionweb.com.ar\/index.php?rest_route=\/wp\/v2\/posts\/7114","targetHints":{"allow":["GET"]}}],"collection":[{"href":"https:\/\/www.visionweb.com.ar\/index.php?rest_route=\/wp\/v2\/posts"}],"about":[{"href":"https:\/\/www.visionweb.com.ar\/index.php?rest_route=\/wp\/v2\/types\/post"}],"author":[{"embeddable":true,"href":"https:\/\/www.visionweb.com.ar\/index.php?rest_route=\/wp\/v2\/users\/4"}],"replies":[{"embeddable":true,"href":"https:\/\/www.visionweb.com.ar\/index.php?rest_route=%2Fwp%2Fv2%2Fcomments&post=7114"}],"version-history":[{"count":2,"href":"https:\/\/www.visionweb.com.ar\/index.php?rest_route=\/wp\/v2\/posts\/7114\/revisions"}],"predecessor-version":[{"id":7117,"href":"https:\/\/www.visionweb.com.ar\/index.php?rest_route=\/wp\/v2\/posts\/7114\/revisions\/7117"}],"wp:featuredmedia":[{"embeddable":true,"href":"https:\/\/www.visionweb.com.ar\/index.php?rest_route=\/wp\/v2\/media\/7116"}],"wp:attachment":[{"href":"https:\/\/www.visionweb.com.ar\/index.php?rest_route=%2Fwp%2Fv2%2Fmedia&parent=7114"}],"wp:term":[{"taxonomy":"category","embeddable":true,"href":"https:\/\/www.visionweb.com.ar\/index.php?rest_route=%2Fwp%2Fv2%2Fcategories&post=7114"},{"taxonomy":"post_tag","embeddable":true,"href":"https:\/\/www.visionweb.com.ar\/index.php?rest_route=%2Fwp%2Fv2%2Ftags&post=7114"}],"curies":[{"name":"wp","href":"https:\/\/api.w.org\/{rel}","templated":true}]}}