{"id":7109,"date":"2022-09-05T11:55:17","date_gmt":"2022-09-05T14:55:17","guid":{"rendered":"https:\/\/www.visionweb.com.ar\/?p=7109"},"modified":"2022-09-05T11:55:17","modified_gmt":"2022-09-05T14:55:17","slug":"se-realizo-el-tercer-congreso-provincial-buenos-aires-primero","status":"publish","type":"post","link":"https:\/\/www.visionweb.com.ar\/?p=7109","title":{"rendered":"Se realiz\u00f3 el Tercer Congreso Provincial\u00a0\u201cBuenos Aires Primero\u201d"},"content":{"rendered":"<p><em><strong>El encuentro vecinalista reuni\u00f3 a Intendentes y referentes de m\u00e1s de 30 delegaciones provinciales. Primaron los discursos antigrieta y de cercan\u00eda, con el objetivo de plantear una \u00abalternativa\u00bb en la oferta electoral.<\/strong><\/em><strong>\u00a0<\/strong><!--more--><\/p>\n<div id=\"attachment_7111\" style=\"width: 628px\" class=\"wp-caption aligncenter\"><img loading=\"lazy\" decoding=\"async\" aria-describedby=\"caption-attachment-7111\" class=\"wp-image-7111 size-full\" src=\"https:\/\/www.visionweb.com.ar\/wp-content\/uploads\/2022\/09\/encuentro-vecinalista-chivilcoy.bmp\" alt=\"\" width=\"618\" height=\"370\" \/><p id=\"caption-attachment-7111\" class=\"wp-caption-text\">El Congreso reuni\u00f3 a m\u00e1s de 30 delegaciones provinciales, con la consigna \u00abdesde la cercan\u00eda, brindar respuestas\u00bb . (Foto: internet)<\/p><\/div>\n<p><strong>E<\/strong>n el tercer congreso provincial\u00a0<strong>\u201cBuenos Aires Primero\u201d<\/strong>, que se realiz\u00f3 el \u00faltimo s\u00e1bado en Chivilcoy, intendentes y referentes vecinalistas debatieron y consensuaron conclusiones acerca de <strong>la construcci\u00f3n de una sociedad cerca del vecino<\/strong><strong>,<\/strong> con la consigna \u201cDesde la cercan\u00eda, brindar respuestas\u201d.<\/p>\n<p>El encuentro se desarroll\u00f3 bajo la organizaci\u00f3n del intendente anfirtri\u00f3n, <strong>Guillermo Britos<\/strong>\u00a0y cont\u00f3 con la presencia de los jefes comunales\u00a0<strong>Carlos Bevilacqua<\/strong>\u00a0(Villarino) y<strong>\u00a0<\/strong><strong>Arturo Rojas<\/strong>\u00a0(Necochea), \u00a0tambi\u00e9n integr\u00f3 el espacio<strong>\u00a0<\/strong><strong>Juan Nosetti<\/strong>\u00a0(Salliquel\u00f3).<\/p>\n<p>El congreso reuni\u00f3 a concejales, funcionarios y referentes de m\u00e1s de 30 delegaciones provinciales que buscan fortalecer los armados vecinales en territorio bonaerense.<\/p>\n<p>Durante la jornada, los vecinalistas, que conversaron y trabajaron sobre distintos bloques y ejes tem\u00e1ticos, concluyeron en cinco premisas para pensar la gesti\u00f3n municipal:<\/p>\n<p>Entre ellas, Econom\u00eda y Comunidad; Pol\u00edtica y Sociedad; Institucionalidad y Territorio: vecinalismo y participaci\u00f3n ciudadana; y Creatividad y conocimiento: vecinalismo y desarrollo local y comunitario.<\/p>\n<p>En esa l\u00ednea remarcaron su postura antigrieta y de cercan\u00eda: \u201cEn un contexto de tanta divisi\u00f3n y enfrentamiento social, apostamos por continuar fortaleciendo el vecinalismo bonaerense y proponer proyectos concretos en pos de solucionar los problemas diarios de nuestros vecinos y vecinas\u201d.<\/p>\n<p>Al igual que en el anterior encuentro en La Plata, los dirigentes acordaron sobre la continuidad de la construcci\u00f3n del espacio \u00abpara poner en agenda los temas que importan a los vecinos y los municipios\u00bb, por eso la idea ser\u00e1 <strong>\u00abencarar una fuerte campa\u00f1a para lograr la tan ansiada autonom\u00eda municipal\u00bb<\/strong> dijeron.<\/p>\n<p><a href=\"https:\/\/www.visionweb.com.ar\/wp-content\/uploads\/2022\/09\/encuentro-vecinalista-prov..bmp\"><img loading=\"lazy\" decoding=\"async\" class=\"size-full wp-image-7112 aligncenter\" src=\"https:\/\/www.visionweb.com.ar\/wp-content\/uploads\/2022\/09\/encuentro-vecinalista-prov..bmp\" alt=\"\" width=\"697\" height=\"283\" \/><\/a>Tras los paneles de debate consensuaron conclusiones, que plasmaron en un documento:<\/p>\n<p>\u201cQue el vecinalismo tiene como prop\u00f3sito rector\u00a0<strong>la construcci\u00f3n de una sociedad cerca del vecino a trav\u00e9s del desarrollo territorial de su fuerza pol\u00edtica distrital<\/strong>, BAP, en los 135 municipios de la provincia de Buenos Aires, instando a la unidad de todos los sectores afines en historia y compatibles con los objetivos aprobados por este Congreso\u201d.<\/p>\n<p>\u201cQue el vecinalismo\u00a0<strong>no participa ni estimula las divisiones que han da\u00f1ado de modo grav\u00edsimo a nuestro pa\u00eds<\/strong><strong>\u00a0<\/strong>y que en lugar de ello se ofrece como alternativa superadora de esos viejos conflictos con el impulso de propuestas propositivas, las cuales ya damos a publicidad y volcamos a la opini\u00f3n p\u00fablica\u201d.<\/p>\n<p>\u201cQue el vecinalismo\u00a0<strong>es una realidad que ya gobierna o ha gobernado alrededor del 10 % de los municipios bonaerenses y est\u00e1 preparado y capacitado para ser alternativa en todas las localidades en las que se ha conformado una agrupaci\u00f3n pol\u00edtica municipal<\/strong>, formalmente constituida o por constituirse a la brevedad, y en la Provincia toda\u201d.<\/p>\n<p>\u201cQue el vecinalismo\u00a0<strong>promueve las reformas estructurales que las vecinas y los vecinos bonaerenses reclaman<\/strong>, siendo estas de naturaleza pol\u00edtica (incluido el sistema electoral y el gasto pol\u00edtico), administrativa (incluida la autonom\u00eda municipal), econ\u00f3mica (incluido el trabajo y la econom\u00eda no formal), cultural (incluido el nuevo rol ciudadano) y social (incluida la gama de nuevos derechos), siempre poniendo a nuestras comunidades por delante y propiciando el desarrollo de cada localidad. Proponiendo el tratamiento de la boleta \u00fanica de papel y el sistema unicameral en la Provincia de Buenos Aires\u201d.<\/p>\n<p>\u201cQue el vecinalismo unido y fortalecido\u00a0<strong>es la alternativa que la provincia de Buenos Aires necesita a nivel ejecutivo y legislativo<\/strong>, raz\u00f3n por la cual impulsar\u00e1 en cada municipio y secci\u00f3n a sus mejores hombres y mujeres con un programa com\u00fan para la transformaci\u00f3n bonaerense, con propuestas concretas basadas en experiencias probadas y el ejercicio austero, eficaz y responsable de la gesti\u00f3n como servidores p\u00fablicos\u201d.<strong> (VW)<\/strong><\/p>\n","protected":false},"excerpt":{"rendered":"<p>El encuentro vecinalista reuni\u00f3 a Intendentes y referentes de m\u00e1s de 30 delegaciones provinciales. Primaron los discursos antigrieta y de cercan\u00eda, con el objetivo de plantear una \u00abalternativa\u00bb en la oferta electoral.\u00a0<\/p>\n","protected":false},"author":4,"featured_media":7112,"comment_status":"closed","ping_status":"closed","sticky":false,"template":"","format":"standard","meta":{"_monsterinsights_skip_tracking":false,"_monsterinsights_sitenote_active":false,"_monsterinsights_sitenote_note":"","_monsterinsights_sitenote_category":0,"footnotes":""},"categories":[4],"tags":[2920,2921,2919,264,2922],"class_list":["post-7109","post","type-post","status-publish","format-standard","has-post-thumbnail","hentry","category-politica","tag-buenos-aures-primero","tag-chivilcoy","tag-congreso-provincial","tag-intendentes","tag-vecinalistas"],"_links":{"self":[{"href":"https:\/\/www.visionweb.com.ar\/index.php?rest_route=\/wp\/v2\/posts\/7109","targetHints":{"allow":["GET"]}}],"collection":[{"href":"https:\/\/www.visionweb.com.ar\/index.php?rest_route=\/wp\/v2\/posts"}],"about":[{"href":"https:\/\/www.visionweb.com.ar\/index.php?rest_route=\/wp\/v2\/types\/post"}],"author":[{"embeddable":true,"href":"https:\/\/www.visionweb.com.ar\/index.php?rest_route=\/wp\/v2\/users\/4"}],"replies":[{"embeddable":true,"href":"https:\/\/www.visionweb.com.ar\/index.php?rest_route=%2Fwp%2Fv2%2Fcomments&post=7109"}],"version-history":[{"count":2,"href":"https:\/\/www.visionweb.com.ar\/index.php?rest_route=\/wp\/v2\/posts\/7109\/revisions"}],"predecessor-version":[{"id":7113,"href":"https:\/\/www.visionweb.com.ar\/index.php?rest_route=\/wp\/v2\/posts\/7109\/revisions\/7113"}],"wp:featuredmedia":[{"embeddable":true,"href":"https:\/\/www.visionweb.com.ar\/index.php?rest_route=\/wp\/v2\/media\/7112"}],"wp:attachment":[{"href":"https:\/\/www.visionweb.com.ar\/index.php?rest_route=%2Fwp%2Fv2%2Fmedia&parent=7109"}],"wp:term":[{"taxonomy":"category","embeddable":true,"href":"https:\/\/www.visionweb.com.ar\/index.php?rest_route=%2Fwp%2Fv2%2Fcategories&post=7109"},{"taxonomy":"post_tag","embeddable":true,"href":"https:\/\/www.visionweb.com.ar\/index.php?rest_route=%2Fwp%2Fv2%2Ftags&post=7109"}],"curies":[{"name":"wp","href":"https:\/\/api.w.org\/{rel}","templated":true}]}}