{"id":7092,"date":"2022-09-02T08:42:13","date_gmt":"2022-09-02T11:42:13","guid":{"rendered":"https:\/\/www.visionweb.com.ar\/?p=7092"},"modified":"2022-09-02T08:44:34","modified_gmt":"2022-09-02T11:44:34","slug":"repudio-de-diversas-organizaciones-el-intento-de-magnicidio-contra-la-vice-presidenta","status":"publish","type":"post","link":"https:\/\/www.visionweb.com.ar\/?p=7092","title":{"rendered":"Repudio de diversas organizaciones al intento de magnicidio contra la Vicepresidenta"},"content":{"rendered":"<p><strong><em>Todo el arco pol\u00edtico, empresarios y diversas organizaciones civiles repudiaron el atentado contra la vicepresidenta, Cristinas Fern\u00e1ndez de Kirchner .\u00a0<\/em><\/strong><!--more--><\/p>\n<div id=\"attachment_7093\" style=\"width: 310px\" class=\"wp-caption alignright\"><img loading=\"lazy\" decoding=\"async\" aria-describedby=\"caption-attachment-7093\" class=\"wp-image-7093 size-medium\" src=\"https:\/\/www.visionweb.com.ar\/wp-content\/uploads\/2022\/09\/ATENTADO-300x285.png\" alt=\"\" width=\"300\" height=\"285\" srcset=\"https:\/\/www.visionweb.com.ar\/wp-content\/uploads\/2022\/09\/ATENTADO-300x285.png 300w, https:\/\/www.visionweb.com.ar\/wp-content\/uploads\/2022\/09\/ATENTADO-768x729.png 768w, https:\/\/www.visionweb.com.ar\/wp-content\/uploads\/2022\/09\/ATENTADO.png 808w\" sizes=\"auto, (max-width: 300px) 100vw, 300px\" \/><p id=\"caption-attachment-7093\" class=\"wp-caption-text\">La vicepresidenta\u00a0 baja de su autom\u00f3vil, en el momento del intento del magnicidio (Imagen captada de Internet)<\/p><\/div>\n<p><strong>T<\/strong>ras conocerse anoche el intento de magnicidio contra la Vice Presidenta, Cristina Fern\u00e1ndez de Kirchner, numerosas organizaciones empresariales salieron a repudiar esa acci\u00f3n.<\/p>\n<p>Se sum\u00f3 tambi\u00e9n todo el arco pol\u00edtico nacional que anoche sali\u00f3 anoche a repudiar el atentado tanto desde el oficialismo como desde la oposici\u00f3n, a penas se conoci\u00f3 la noticia.<\/p>\n<p>Representantes del Frente de Todos, de Juntos por el Cambio y de la izquierda repudiaron este jueves a la noche la agresi\u00f3n que sufri\u00f3 Cristina Kirchner, despu\u00e9s de que un hombre le apunt\u00f3 con un arma a la cabeza a la vicepresidenta cuando ella saludaba a militantes y seguidores en la puerta de su casa en Recoleta.<\/p>\n<p>Alberto Fern\u00e1ndez habl\u00f3 en cadena nacional. Habl\u00f3 de \u00abatentado\u00bb, cuestion\u00f3 los \u00abdiscursos de odio\u00bb y decret\u00f3 que habr\u00e1 feriado nacional.<\/p>\n<p>Sergio Massa, ministro de Econom\u00eda, Producci\u00f3n y Desarrollo, denunci\u00f3 \u00abun intento de magnicidio\u00bb.\u00a0\u00abCuando el odio y la violencia se imponen sobre el debate de ideas, destruyen a las sociedades y se generan situaciones como la de hoy: un intento de magnicidio. Toda mi solidaridad a Cristina Kirchner y su familia. Y mi deseo de que se determinen todas las responsabilidades\u00bb, expres\u00f3 Massa, en su cuenta de Twitter.<\/p>\n<p>\u00abLa Confederaci\u00f3n General Empresaria de la Rep\u00fablica Argentina -CGERA- repudia en\u00e9rgicamente el atentado a la Vicepresidenta de la Naci\u00f3n Cristina Fern\u00e1ndez de Kirchner.\u00bb<\/p>\n<p>En la democracia que supimos construir no pueden permitirse este tipo de hechos, nunca m\u00e1s nuestro pa\u00eds debe recorrer el camino de la violencia. Sembrar odio tiene estos resultados.<\/p>\n<p>Las discusiones del modelo de pa\u00eds que queremos deben darse en el \u00e1mbito de la pol\u00edtica. En la historia argentina, el poder econ\u00f3mico concentrado no ha dudado en utilizar cualquier medio para imponer sus ideas.<\/p>\n<p>Lo que subyace a las agresiones que viene sufriendo la expresidenta es la discusi\u00f3n del proyecto de desarrollo colectivo que queremos para nuestra patria, que se refleja en los 12 a\u00f1os de crecimiento industrial y de distribuci\u00f3n de la riqueza.<\/p>\n<p>El intento de asesinato a la vicepresidenta es un hecho sin precedentes en la historia democr\u00e1tica argentina y no puede volver a repetirse.<\/p>\n<p>Las empresarias y empresarios nacionales nos solidarizamos con Cristina Fern\u00e1ndez de Kirchner y no vamos a dudar en seguir defendiendo los proyectos que tengan como eje la producci\u00f3n y el trabajo.<\/p>\n<p>La violencia no puede ser parte de la vida pol\u00edtica argentina. Tambi\u00e9n depende del compromiso del empresariado PyME argentino que estos hechos no vuelvan a suceder.<\/p>\n<p>La entidad que nuclea a las empresas period\u00edsticas, editoras de diarios, revistas y sitios web del pa\u00eds adem\u00e1s exigi\u00f3 \u00abuna r\u00e1pida investigaci\u00f3n judicial\u00bb.<br \/>\nLa Asociaci\u00f3n de Entidades Period\u00edsticas Argentinas (ADEPA) repudi\u00f3 el \u00abgrave atentado\u00bb contra la vicepresidenta Cristina Fern\u00e1ndez de Kirchner ocurrido en la noche del jueves y exigi\u00f3 \u00abuna r\u00e1pida y efectiva investigaci\u00f3n judicial\u00bb.<\/p>\n<p>\u00abAdepa repudia el grave atentado contra la vicepresidenta de la Naci\u00f3n y exige una r\u00e1pida y efectiva investigaci\u00f3n judicial del mismo\u00bb, expres\u00f3 en su cuenta de la red social Twitter la asociaci\u00f3n que nuclea a las empresas period\u00edsticas, editoras de diarios, peri\u00f3dicos, revistas y sitios web de la Argentina.<\/p>\n<p>\u00abLa violencia afecta gravemente la convivencia democr\u00e1tica y debe ser desterrada para siempre\u00bb, a\u00f1ade el texto.<\/p>\n<p>Esta ma\u00f1ana, el presidente de la Uni\u00f3n Industrial Argentina (UIA), Daniel Funes de Rioja, en declaraciones a la televisi\u00f3n repudi\u00f3 en forma contundente el atentado contra la vicepresidenta.\u00bbRechazo a toda forma de violencia\u00bb, afirm\u00f3 Funes de Rioja,<\/p>\n<p>Luego, las empresas constructoras m\u00e1s grandes del pa\u00eds emitiieron un comunicado: La entidad \u00abrepudia en\u00e9rgicamente el violento atentado contra la vida de la vicepresidenta de la Naci\u00f3n, Cristina Kirchner. Asimismo, Camarco manifiesta solidaridad con la vicepresidenta e insta a la sociedad a preservar la paz, cuesti\u00f3n imprescindible para la vida y la Democracia\u00bb<\/p>\n<p>Un hombre de 35 a\u00f1os se acerc\u00f3 en el anochecer de este jueves a cent\u00edmetros de la vicepresidenta Cristina Fern\u00e1ndez de Kirchner, accion\u00f3 una pistola calibre 32 y el disparo o los dos disparos, no salieron. El intento de magnicidio conmovi\u00f3 a toda la sociedad argentina y ocurri\u00f3 cuando CFK estaba por ingresar a su vivienda y saludaba a los simpatizantes que la esperaban a su regreso, como todos los d\u00edas desde que fue impedida de hablar en el juicio de Vialidad<strong>(VW)<\/strong>.<\/p>\n","protected":false},"excerpt":{"rendered":"<p>Todo el arco pol\u00edtico, empresarios y diversas organizaciones civiles repudiaron el atentado contra la vicepresidenta, Cristinas Fern\u00e1ndez de Kirchner .\u00a0<\/p>\n","protected":false},"author":3,"featured_media":7093,"comment_status":"closed","ping_status":"closed","sticky":false,"template":"","format":"standard","meta":{"_monsterinsights_skip_tracking":false,"_monsterinsights_sitenote_active":false,"_monsterinsights_sitenote_note":"","_monsterinsights_sitenote_category":0,"footnotes":""},"categories":[4],"tags":[],"class_list":["post-7092","post","type-post","status-publish","format-standard","has-post-thumbnail","hentry","category-politica"],"_links":{"self":[{"href":"https:\/\/www.visionweb.com.ar\/index.php?rest_route=\/wp\/v2\/posts\/7092","targetHints":{"allow":["GET"]}}],"collection":[{"href":"https:\/\/www.visionweb.com.ar\/index.php?rest_route=\/wp\/v2\/posts"}],"about":[{"href":"https:\/\/www.visionweb.com.ar\/index.php?rest_route=\/wp\/v2\/types\/post"}],"author":[{"embeddable":true,"href":"https:\/\/www.visionweb.com.ar\/index.php?rest_route=\/wp\/v2\/users\/3"}],"replies":[{"embeddable":true,"href":"https:\/\/www.visionweb.com.ar\/index.php?rest_route=%2Fwp%2Fv2%2Fcomments&post=7092"}],"version-history":[{"count":3,"href":"https:\/\/www.visionweb.com.ar\/index.php?rest_route=\/wp\/v2\/posts\/7092\/revisions"}],"predecessor-version":[{"id":7096,"href":"https:\/\/www.visionweb.com.ar\/index.php?rest_route=\/wp\/v2\/posts\/7092\/revisions\/7096"}],"wp:featuredmedia":[{"embeddable":true,"href":"https:\/\/www.visionweb.com.ar\/index.php?rest_route=\/wp\/v2\/media\/7093"}],"wp:attachment":[{"href":"https:\/\/www.visionweb.com.ar\/index.php?rest_route=%2Fwp%2Fv2%2Fmedia&parent=7092"}],"wp:term":[{"taxonomy":"category","embeddable":true,"href":"https:\/\/www.visionweb.com.ar\/index.php?rest_route=%2Fwp%2Fv2%2Fcategories&post=7092"},{"taxonomy":"post_tag","embeddable":true,"href":"https:\/\/www.visionweb.com.ar\/index.php?rest_route=%2Fwp%2Fv2%2Ftags&post=7092"}],"curies":[{"name":"wp","href":"https:\/\/api.w.org\/{rel}","templated":true}]}}