{"id":7086,"date":"2022-09-01T17:39:41","date_gmt":"2022-09-01T20:39:41","guid":{"rendered":"https:\/\/www.visionweb.com.ar\/?p=7086"},"modified":"2022-09-01T17:39:41","modified_gmt":"2022-09-01T20:39:41","slug":"carpa-blanca-piden-el-fin-del-ajuste-en-discapacidad","status":"publish","type":"post","link":"https:\/\/www.visionweb.com.ar\/?p=7086","title":{"rendered":"Carpa blanca: Piden el fin del ajuste en discapacidad"},"content":{"rendered":"<p><em><strong>Muchos son los reclamos de colectivos relacionados con la discapacidad, <\/strong><strong>como<\/strong><strong> el pago a las obras sociales,<\/strong><strong>\u00a0<\/strong><strong>acceso a equipamientos,<\/strong><strong> provisi\u00f3n de medicamentos, el cobro de sueldos en tiempo y forma.<\/strong><strong> Desde Econom\u00eda\u00a0<\/strong><strong>negaron recortes en el \u00e1rea, tambi\u00e9n dicen que<\/strong><strong> los pagos est\u00e1n hechos.<\/strong><\/em><!--more--><\/p>\n<p><strong><img loading=\"lazy\" decoding=\"async\" class=\"size-full wp-image-7088 aligncenter\" src=\"https:\/\/www.visionweb.com.ar\/wp-content\/uploads\/2022\/09\/carpa-discapac-autistas.bmp\" alt=\"\" width=\"612\" height=\"413\" \/>C<\/strong>olectivos relacionados con la discapacidad contin\u00faan en la\u00a0<strong>carpa blanca en la Plaza de Mayo, frente a Casa Rosada<\/strong>, en el cuarto d\u00eda consecutivo de acampe, rodeados de pasacalles que reclaman a la Secretaria General de la Presidencia, a cargo de Julio Vitobello, que ponga fin al \u201cajuste en discapacidad\u201d.<\/p>\n<p>Esta movilizaci\u00f3n re\u00fane a familiares, acompa\u00f1antes terap\u00e9uticos, y transportistas prestadores de servicios de salud, rehabilitaci\u00f3n en integraci\u00f3n escolar de personas con discapacidad, que se a\u00fanan en los reclamos que involucran a m\u00e1s de una entidad.<\/p>\n<p>Uno de los pedidos centrales es la <strong>exigencia en el pago a las obras sociales,<\/strong><strong>\u00a0<\/strong>para que estas puedan depositar los sueldos a los prestadores. Este <strong>reclamo concreto es por la falta de pago desde marzo, por servicios y tratamientos ya brindados.<\/strong><\/p>\n<p>Tambi\u00e9n piden garant\u00edas para facilitar el acceso a equipamientos en tiempo y forma;\u00a0la normalizaci\u00f3n de la provisi\u00f3n de medicamentos;<strong>\u00a0<\/strong>un aumento salarial acorde a la inflaci\u00f3n, el pago a mes vencido, mejores condiciones laborales para los acompa\u00f1antes y <strong>que los tratamientos se aprueben en 15 d\u00edas<\/strong>.<\/p>\n<p>\u201cLas obras sociales no pagan las prestaciones y sin prestaciones no hay derechos para nuestros hijos\u201d, es uno de los reclamos en la protesta, cuya consigna es:\u00a0<strong>\u201cNo al ajuste en discapacidad\u201d<\/strong>\u00a0contra un Decreto de Necesidad y Urgencia (DNU) que, seg\u00fan denuncian los manifestantes, busca recortar 10 mil millones de pesos en las partidas del \u00e1rea.<\/p>\n<p>Los manifestantes a la vez, denuncian que la Superintendencia de Servicios de Salud estar\u00eda <strong>\u201creteniendo los fondos para cubrir los pagos adeudados\u201d.<\/strong><strong>\u00a0<\/strong>As\u00ed, desde el lunes se concentran en Balcarce 50 para pedir la regularizaci\u00f3n de los pagos y denunciar el \u201cajuste\u201d en estas prestaciones que lleva adelante el ministro de Econom\u00eda, Sergio Massa.<\/p>\n<p>Desde<strong> Econom\u00eda<\/strong>\u00a0<strong>negaron recortes en el \u00e1rea<\/strong>, y el secretario de Comunicaci\u00f3n y Prensa, Juan Ross, explic\u00f3 en conferencia de prensa que los pagos est\u00e1n hechos.<\/p>\n<p>\u201cAnte versiones respecto a que decisiones de este Ministerio involucran recortes en \u00e1reas de discapacidad, es nuestro deber informar que\u00a0<strong>las modificaciones administrativas tomadas por subejecuci\u00f3n presupuestaria en algunos sectores no afectan a dichas \u00e1reas<\/strong>\u201c, explicaron desde el ministerio conducido por Sergio Massa al tiempo que se desligaron de las demoras en los pagos por parte de las obras sociales.<\/p>\n<p>Un comunicado que emiti\u00f3 el ministerio, sintetiza:\u00a0<strong>\u201cEste Ministerio no es responsable de la falta y atrasos de pagos que aducen algunos prestadores<\/strong><strong>\u00a0<\/strong>y ser\u00e1 responsabilidad de las jurisdicciones correspondientes dar las explicaciones del caso\u201d.<\/p>\n<p>Tambi\u00e9n, desde el Gobierno aclararon que\u00a0<strong>el circuito de pago es extenso y nuclea a varios actores<\/strong>.<\/p>\n<p><strong><a href=\"https:\/\/www.visionweb.com.ar\/wp-content\/uploads\/2022\/09\/carpa-discapacitados.bmp\"><img loading=\"lazy\" decoding=\"async\" class=\"size-full wp-image-7089 aligncenter\" src=\"https:\/\/www.visionweb.com.ar\/wp-content\/uploads\/2022\/09\/carpa-discapacitados.bmp\" alt=\"\" width=\"545\" height=\"373\" \/><\/a>La burocracia:<\/strong> Los acompa\u00f1antes y entidades reciben por sus servicios pagos de las obras sociales. Si la persona no cuenta con obra social, el pago viene de la Agencia Nacional de Discapacidad (ANDIS), un organismo descentralizado en la \u00f3rbita de la Secretar\u00eda General de la Presidencia, v\u00eda el programa Incluir Salud, indicaron.<\/p>\n<p>Es a trav\u00e9s de un\u00a0<strong>Fondo Solidario de Redistribuci\u00f3n<\/strong>, compuesto por el 9 por ciento de los aportes y contribuciones (tres puntos aportados por los trabajadores registrados y seis por las empresas) y de multas de la Superintendencia de Salud, el Estado administra los recursos para que las obras sociales puedan depositar el salario de los prestadores.<\/p>\n<p>A su parte, la Superintendencia de Servicios de Salud (SSS) que depende del Ministerio de Salud de la Naci\u00f3n, se encarga del dep\u00f3sito de las\u00a0<strong>300 obras sociales sindicales<\/strong>\u00a0y requieren, a su vez, del desembolso de AFIP.<\/p>\n<p>Es decir,\u00a0<strong>los prestadores rinden sus facturas a las obras sociales<\/strong>, que a su vez lo presentan en la SSS para una auditoria y posterior elevaci\u00f3n del pedido a AFIP para garantizar el giro de plata que surge del Fondo en cuesti\u00f3n.<\/p>\n<p>Los tiempos en los dep\u00f3sitos y\u00a0<strong>pueden demorarse hasta noventa d\u00edas<\/strong><strong>\u00a0<\/strong>en los pagos, lo que en tiempos de inflaci\u00f3n complican la situaci\u00f3n de los prestadores que permanecen en protesta.<\/p>\n<p><strong>En contra de un nuevo decreto:<\/strong> Adem\u00e1s, los manifestantes, tomaron postura en contra de un proyecto de decreto que, seg\u00fan denuncian,<strong> busca crear un nuevo Fondo Nacional para la Cobertura de las Prestaciones B\u00e1sicas de Atenci\u00f3n Integral<\/strong>, a cargo de ANDIS, en reemplazo del ya existente, y deja por fuera a un sector de las discapacidades de la cobertura de las obras sociales.<\/p>\n<p>\u201cFrente a versiones extraoficiales, desde la Agencia Nacional de Discapacidad, organismo dependiente del a Secretar\u00eda General de la Presidencia de la Naci\u00f3n, se informa que actualmente se encuentran en an\u00e1lisis\u00a0<strong>medidas que apuntan a sanear el financiamiento del Sistema<\/strong><strong>\u00a0<\/strong>de Prestaciones B\u00e1sicas de Discapacidad, y a su vez garantizar que las obras sociales sigan cumpliendo con las responsabilidades que les atribuye la Ley 24.901\u2033, explic\u00f3 el titular de ANDIS, Fernando Galarraga.<\/p>\n<p>En la misma l\u00ednea, a\u00f1adi\u00f3: \u201cConstantemente se est\u00e1n analizando distintas alternativas con el fin de sanear y fortalecer este sistema de prestaciones\u00a0de discapacidad y eso incluye a todos los financiadores del sistema. No excluye a ninguno y menos a las Obras Sociales, con quienes las personas con discapacidad y sus familias tienen un largo y exitoso camino recorrido\u201d. <strong>(VW)<\/strong><\/p>\n<p>&nbsp;<\/p>\n<p>&nbsp;<\/p>\n<p>&nbsp;<\/p>\n<p>&nbsp;<\/p>\n<p>&nbsp;<\/p>\n","protected":false},"excerpt":{"rendered":"<p>Muchos son los reclamos de colectivos relacionados con la discapacidad, como el pago a las obras sociales,\u00a0acceso a equipamientos, provisi\u00f3n de medicamentos, el cobro de sueldos en tiempo y forma. Desde Econom\u00eda\u00a0negaron recortes en&#46;&#46;&#46;<\/p>\n","protected":false},"author":4,"featured_media":7089,"comment_status":"closed","ping_status":"closed","sticky":false,"template":"","format":"standard","meta":{"_monsterinsights_skip_tracking":false,"_monsterinsights_sitenote_active":false,"_monsterinsights_sitenote_note":"","_monsterinsights_sitenote_category":0,"footnotes":""},"categories":[6,4],"tags":[1804,2910,2909,2911,869,670,100],"class_list":["post-7086","post","type-post","status-publish","format-standard","has-post-thumbnail","hentry","category-economia","category-politica","tag-ajuste","tag-carpa-blanca","tag-discapacidad","tag-galarraga","tag-massa","tag-pagos","tag-salud"],"_links":{"self":[{"href":"https:\/\/www.visionweb.com.ar\/index.php?rest_route=\/wp\/v2\/posts\/7086","targetHints":{"allow":["GET"]}}],"collection":[{"href":"https:\/\/www.visionweb.com.ar\/index.php?rest_route=\/wp\/v2\/posts"}],"about":[{"href":"https:\/\/www.visionweb.com.ar\/index.php?rest_route=\/wp\/v2\/types\/post"}],"author":[{"embeddable":true,"href":"https:\/\/www.visionweb.com.ar\/index.php?rest_route=\/wp\/v2\/users\/4"}],"replies":[{"embeddable":true,"href":"https:\/\/www.visionweb.com.ar\/index.php?rest_route=%2Fwp%2Fv2%2Fcomments&post=7086"}],"version-history":[{"count":2,"href":"https:\/\/www.visionweb.com.ar\/index.php?rest_route=\/wp\/v2\/posts\/7086\/revisions"}],"predecessor-version":[{"id":7090,"href":"https:\/\/www.visionweb.com.ar\/index.php?rest_route=\/wp\/v2\/posts\/7086\/revisions\/7090"}],"wp:featuredmedia":[{"embeddable":true,"href":"https:\/\/www.visionweb.com.ar\/index.php?rest_route=\/wp\/v2\/media\/7089"}],"wp:attachment":[{"href":"https:\/\/www.visionweb.com.ar\/index.php?rest_route=%2Fwp%2Fv2%2Fmedia&parent=7086"}],"wp:term":[{"taxonomy":"category","embeddable":true,"href":"https:\/\/www.visionweb.com.ar\/index.php?rest_route=%2Fwp%2Fv2%2Fcategories&post=7086"},{"taxonomy":"post_tag","embeddable":true,"href":"https:\/\/www.visionweb.com.ar\/index.php?rest_route=%2Fwp%2Fv2%2Ftags&post=7086"}],"curies":[{"name":"wp","href":"https:\/\/api.w.org\/{rel}","templated":true}]}}