{"id":7083,"date":"2022-09-01T13:17:45","date_gmt":"2022-09-01T16:17:45","guid":{"rendered":"https:\/\/www.visionweb.com.ar\/?p=7083"},"modified":"2022-09-01T13:17:45","modified_gmt":"2022-09-01T16:17:45","slug":"colectivos-hubo-acuerdo-y-reanudan-el-servicio-en-forma-progresiva","status":"publish","type":"post","link":"https:\/\/www.visionweb.com.ar\/?p=7083","title":{"rendered":"Colectivos: Hubo acuerdo y reanudan el servicio en forma progresiva"},"content":{"rendered":"<p><em><strong>Las c\u00e1maras empresarias acordaron con el Estado un sistema de pagos gradual, por lo que volver\u00e1 el servicio nocturno de micros en el AMBA, aunque de manera progresiva.<\/strong><\/em><!--more--><\/p>\n<p><strong><img loading=\"lazy\" decoding=\"async\" class=\"size-full wp-image-6818 aligncenter\" src=\"https:\/\/www.visionweb.com.ar\/wp-content\/uploads\/2022\/08\/colectivos-paro-echeverria.bmp\" alt=\"\" width=\"501\" height=\"288\" \/>L<\/strong>as c\u00e1maras empresarios del transporte de pasajeros del \u00c1rea Metropolitana de Buenos Aires (AMBA) alcanzaron un acuerdo con el ministerio de Transporte nacional. Seg\u00fan indic\u00f3 la\u00a0<strong>C\u00e1mara Empresaria de Autotransporte de Pasajeros<\/strong> (CEAP) tras el acuerdo, <strong>el servicio de micros de d\u00eda se restableci\u00f3 en un 80%<\/strong>, mientras que el <strong>servicio nocturno <\/strong>se reanudar\u00e1 de modo progresivo, ya que por el momento <strong>alcanza un promedio del 50%<\/strong> del funcionamiento.<\/p>\n<p>El conflicto se deb\u00eda a la deuda del Estado Nacional, y los gobiernos de CABA y PBA que sosten\u00edan con las empresas por falta de pago de subsidios. Por este motivo durante dos semanas hubo una paralizaci\u00f3n total de servicios entre las 22 y las 5 horas, adem\u00e1s de la reducci\u00f3n de frecuencias diurnas, en un 30 %.<\/p>\n<p>Aunque con el acuerdo por lo pronto, las\u00a0<strong>frecuencias<\/strong>\u00a0del servicio en el AMBA <strong>no se normalizar\u00e1n del todo<\/strong>: seg\u00fan confirmaron desde la\u00a0C\u00e1mara Empresaria del Autotransporte de Pasajeros (CEAP), durante el d\u00eda estas ser\u00e1n de un\u00a0<strong>80% en promedio<\/strong>\u00a0hasta que se normalicen los pagos.<\/p>\n<p>A la vez,<strong>\u00a0<\/strong><strong>entre las 5 y las 22<\/strong>, el mismo horario en el que se llev\u00f3 a cabo el paro total durante las jornadas anteriores, los servicios de transporte funcionar\u00e1n con una<strong>\u00a0<\/strong><strong>frecuencia de\u00a0\u00abentre un 50% y un 60%\u00bb.<\/strong><\/p>\n<p>As\u00ed lo inform\u00f3\u00a0<strong>Jos\u00e9 Troilo<\/strong>, titular de CEAP: \u00abAnte el reconocimiento de la deuda y el compromiso de pago de ac\u00e1 a fines de octubre, se decidi\u00f3 que a partir de esta noche\u00a0<strong>se comenzar\u00e1 a dar servicios nocturnos<\/strong>\u00ab.<\/p>\n<p>Sin embargo, por lo pronto, \u00abvan a estar circulando colectivos en un <strong>promedio del 60%<\/strong>\u00bb dado que desde las empresas sostienen que \u00abes el m\u00e1ximo que hoy se puede dar en funci\u00f3n al dinero acreditado\u00bb.<\/p>\n<p>Multas: Desde la cartera de Transporte que conduce\u00a0<strong>Alexis Guerrera <\/strong>aseguraron que <strong>mantendr\u00e1n las multas<\/strong> dispuestas por el corte del servicio. \u00abSe le pidi\u00f3 que incorporen las frecuencias y los servicios faltantes. Vale aclarar que vamos a mantener a trav\u00e9s de la CNRT todas las actas que haya que labrar por la no prestaci\u00f3n de servicios, que al d\u00eda de hoy son m\u00e1s de 110 actas, por m\u00e1s de 20 millones de pesos\u00bb, se\u00f1alaron.<\/p>\n<p>Mientras que director ejecutivo de la CNRT,\u00a0Jos\u00e9 Arteaga, expres\u00f3 que el Ministerio de Transporte viene cancelando la mora semana tras semana \u00abcon mucho esfuerzo de lo que es la econom\u00eda en general\u00bb. <strong>(VW)<\/strong><\/p>\n<p>&nbsp;<\/p>\n<p>&nbsp;<\/p>\n","protected":false},"excerpt":{"rendered":"<p>Las c\u00e1maras empresarias acordaron con el Estado un sistema de pagos gradual, por lo que volver\u00e1 el servicio nocturno de micros en el AMBA, aunque de manera progresiva.<\/p>\n","protected":false},"author":4,"featured_media":6818,"comment_status":"closed","ping_status":"closed","sticky":false,"template":"","format":"standard","meta":{"_monsterinsights_skip_tracking":false,"_monsterinsights_sitenote_active":false,"_monsterinsights_sitenote_note":"","_monsterinsights_sitenote_category":0,"footnotes":""},"categories":[3,8],"tags":[2907,1686,705,2908,252,2906],"class_list":["post-7083","post","type-post","status-publish","format-standard","has-post-thumbnail","hentry","category-actualidad","category-interes-general","tag-alexus-guerrera","tag-ceap","tag-colectivos","tag-jose-troilo","tag-paro","tag-servicio-reducido"],"_links":{"self":[{"href":"https:\/\/www.visionweb.com.ar\/index.php?rest_route=\/wp\/v2\/posts\/7083","targetHints":{"allow":["GET"]}}],"collection":[{"href":"https:\/\/www.visionweb.com.ar\/index.php?rest_route=\/wp\/v2\/posts"}],"about":[{"href":"https:\/\/www.visionweb.com.ar\/index.php?rest_route=\/wp\/v2\/types\/post"}],"author":[{"embeddable":true,"href":"https:\/\/www.visionweb.com.ar\/index.php?rest_route=\/wp\/v2\/users\/4"}],"replies":[{"embeddable":true,"href":"https:\/\/www.visionweb.com.ar\/index.php?rest_route=%2Fwp%2Fv2%2Fcomments&post=7083"}],"version-history":[{"count":2,"href":"https:\/\/www.visionweb.com.ar\/index.php?rest_route=\/wp\/v2\/posts\/7083\/revisions"}],"predecessor-version":[{"id":7085,"href":"https:\/\/www.visionweb.com.ar\/index.php?rest_route=\/wp\/v2\/posts\/7083\/revisions\/7085"}],"wp:featuredmedia":[{"embeddable":true,"href":"https:\/\/www.visionweb.com.ar\/index.php?rest_route=\/wp\/v2\/media\/6818"}],"wp:attachment":[{"href":"https:\/\/www.visionweb.com.ar\/index.php?rest_route=%2Fwp%2Fv2%2Fmedia&parent=7083"}],"wp:term":[{"taxonomy":"category","embeddable":true,"href":"https:\/\/www.visionweb.com.ar\/index.php?rest_route=%2Fwp%2Fv2%2Fcategories&post=7083"},{"taxonomy":"post_tag","embeddable":true,"href":"https:\/\/www.visionweb.com.ar\/index.php?rest_route=%2Fwp%2Fv2%2Ftags&post=7083"}],"curies":[{"name":"wp","href":"https:\/\/api.w.org\/{rel}","templated":true}]}}