{"id":7080,"date":"2022-09-01T12:49:20","date_gmt":"2022-09-01T15:49:20","guid":{"rendered":"https:\/\/www.visionweb.com.ar\/?p=7080"},"modified":"2022-09-01T12:49:20","modified_gmt":"2022-09-01T15:49:20","slug":"panaderos-advirtieron-que-el-pan-podria-irse-a-450","status":"publish","type":"post","link":"https:\/\/www.visionweb.com.ar\/?p=7080","title":{"rendered":"Panaderos advirtieron que el pan podr\u00eda irse a $ 450"},"content":{"rendered":"<p><em><strong>Luego de una reuni\u00f3n entre dirigentes del sector con el Secretario de Comercio se desat\u00f3 la pol\u00e9mica: no continuar\u00e1 el subsidio a la harina, y el precio del pan se ver\u00eda muy afectado.<\/strong><\/em><!--more--><\/p>\n<p><strong><img loading=\"lazy\" decoding=\"async\" class=\"size-medium wp-image-6695 alignright\" src=\"https:\/\/www.visionweb.com.ar\/wp-content\/uploads\/2022\/08\/panaderos-300x147.jpg\" alt=\"\" width=\"300\" height=\"147\" srcset=\"https:\/\/www.visionweb.com.ar\/wp-content\/uploads\/2022\/08\/panaderos-300x147.jpg 300w, https:\/\/www.visionweb.com.ar\/wp-content\/uploads\/2022\/08\/panaderos.jpg 654w\" sizes=\"auto, (max-width: 300px) 100vw, 300px\" \/>L<\/strong>a Federaci\u00f3n Industrial Panaderil de la Provincia de Buenos Aires (FIPPBA) advirti\u00f3, tras la decisi\u00f3n del Gobierno de <strong>no continuar el subsidio a la harina <\/strong>a trav\u00e9s del Fondo Estabilizador del Trigo Argentino (FETA), que el precio del pan podr\u00eda llegar a $450 el kilo.<\/p>\n<p>La decisi\u00f3n oficial fue anunciada por los presidentes del Centro de Panaderos de Avellaneda, Gast\u00f3n Mora y de la FIPPBA , Ra\u00fal Santoandr\u00e9, luego de la reuni\u00f3n del martes con el secretario de Comercio Interior, Matias Tombolini, en la que hubo<strong>\u00a0<\/strong><strong>fuertes diferencia<\/strong>s acerca de c\u00f3mo contener el precio del pan y sus derivados.<\/p>\n<p>En la reuni\u00f3n solicitaron<strong> la continuidad del Fondo Estabilizador del Trigo Argentino<\/strong><strong>\u00a0<\/strong>(FETA), para garantizar el subsidio de la harina.<\/p>\n<p>Sin embargo, el Gobierno decidi\u00f3 poner fin a esa medida. Por eso, despu\u00e9s de la reuni\u00f3n en Comercio, los dirigentes advirtieron que\u00a0<strong>\u00abcuando se acabe la harina de las panader\u00edas, vendr\u00e1 un aumento del pan\u00bb.<\/strong><\/p>\n<p>En ese contexto, <strong>Gast\u00f3n Mora<\/strong>, dirigente panadero de Avellaneda, dijo: \u00abNos sorprendi\u00f3 la\u00a0<strong>insensibilidad social<\/strong><strong>\u00a0<\/strong>del nuevo secretario de Comercio\u201d.<\/p>\n<p>\u201cCuando le planteamos que cortar el fideicomiso del trigo afecta seriamente a los sectores m\u00e1s vulnerables, que son los que no pueden acceder a un producto tan indispensable como el pan, nos respondi\u00f3 que\u00a0<strong>\u00e9l estaba para hablar de econom\u00eda, no de cuestiones sociales\u00bb.<\/strong><\/p>\n<p>Seg\u00fan los panaderos, Tombolini dijo que\u00a0\u201c<strong>\u00e9l no est\u00e1 para controlar precios<\/strong><strong>\u00ab.<\/strong><\/p>\n<p>As\u00ed, los panaderos advirtieron que cuando se acabe la harina subsidiada,\u00a0<strong>el precio del pan podr\u00e1\u00a0subir a $ 450 el kilo. <\/strong><\/p>\n<p>Actualmente el pan acumula un<strong>\u00a0<\/strong><strong>aumento del 98% <\/strong>en el \u00faltimo a\u00f1o, a pesar de los subsidios que tiene la harina para los comerciantes, y el valor del pan tipo flauta en el Capital y GBA es de\u00a0<strong>$ 327,39 seg\u00fan el INDEC<\/strong>.<\/p>\n<p>En la misma l\u00ednea se pronunci\u00f3 el presidente de la Federaci\u00f3n Industrial Panaderil de la Provincia de Buenos Aires (FIPPBA), Ra\u00fal Santoandr\u00e9: \u201cLa realidad es que el secretario de Comercio nos dej\u00f3 en claro que<strong>\u00a0<\/strong><strong>no le interesa que pueda faltar el pan<\/strong><strong>\u00a0<\/strong>en la mesa de los argentinos. Una vez que los panaderos no tengan m\u00e1s harina con subsidio, el precio del kilo de pan podr\u00eda alcanzar los 450 pesos, o m\u00e1s\u201d, advirti\u00f3 el dirigente.<\/p>\n<p>La respuesta de <strong>Tombolini<\/strong>: \u00abNosotros estamos dispuestos a juntarnos y hablar con todos los sectores\u00bb, afirm\u00f3 y cont\u00f3 que \u00abmuchos panaderos no encuentran la bolsa de harina a $ 1000, por eso estamos buscando una l\u00ednea de trabajo\u00bb.<\/p>\n<p>\u00abLa gran mayor\u00eda de las panader\u00edas no est\u00e1n recibiendo la bolsa subsidiada de harina.\u00a0La mayor parte de la producci\u00f3n de harina del pa\u00eds no est\u00e1 anotado en el fideicomiso. Estamos intentado subsidiar a los productores chicos y as\u00ed garantizar el pan en la mesa de los argentinos\u00bb, asegur\u00f3 el secretario. <strong>(VW)<\/strong><\/p>\n<p>&nbsp;<\/p>\n","protected":false},"excerpt":{"rendered":"<p>Luego de una reuni\u00f3n entre dirigentes del sector con el Secretario de Comercio se desat\u00f3 la pol\u00e9mica: no continuar\u00e1 el subsidio a la harina, y el precio del pan se ver\u00eda muy afectado.<\/p>\n","protected":false},"author":4,"featured_media":6695,"comment_status":"closed","ping_status":"closed","sticky":false,"template":"","format":"standard","meta":{"_monsterinsights_skip_tracking":false,"_monsterinsights_sitenote_active":false,"_monsterinsights_sitenote_note":"","_monsterinsights_sitenote_category":0,"footnotes":""},"categories":[6,4],"tags":[2905,2761,2904,1464],"class_list":["post-7080","post","type-post","status-publish","format-standard","has-post-thumbnail","hentry","category-economia","category-politica","tag-fideicomiso","tag-matias-tombolini","tag-mora","tag-panaderos"],"_links":{"self":[{"href":"https:\/\/www.visionweb.com.ar\/index.php?rest_route=\/wp\/v2\/posts\/7080","targetHints":{"allow":["GET"]}}],"collection":[{"href":"https:\/\/www.visionweb.com.ar\/index.php?rest_route=\/wp\/v2\/posts"}],"about":[{"href":"https:\/\/www.visionweb.com.ar\/index.php?rest_route=\/wp\/v2\/types\/post"}],"author":[{"embeddable":true,"href":"https:\/\/www.visionweb.com.ar\/index.php?rest_route=\/wp\/v2\/users\/4"}],"replies":[{"embeddable":true,"href":"https:\/\/www.visionweb.com.ar\/index.php?rest_route=%2Fwp%2Fv2%2Fcomments&post=7080"}],"version-history":[{"count":2,"href":"https:\/\/www.visionweb.com.ar\/index.php?rest_route=\/wp\/v2\/posts\/7080\/revisions"}],"predecessor-version":[{"id":7082,"href":"https:\/\/www.visionweb.com.ar\/index.php?rest_route=\/wp\/v2\/posts\/7080\/revisions\/7082"}],"wp:featuredmedia":[{"embeddable":true,"href":"https:\/\/www.visionweb.com.ar\/index.php?rest_route=\/wp\/v2\/media\/6695"}],"wp:attachment":[{"href":"https:\/\/www.visionweb.com.ar\/index.php?rest_route=%2Fwp%2Fv2%2Fmedia&parent=7080"}],"wp:term":[{"taxonomy":"category","embeddable":true,"href":"https:\/\/www.visionweb.com.ar\/index.php?rest_route=%2Fwp%2Fv2%2Fcategories&post=7080"},{"taxonomy":"post_tag","embeddable":true,"href":"https:\/\/www.visionweb.com.ar\/index.php?rest_route=%2Fwp%2Fv2%2Ftags&post=7080"}],"curies":[{"name":"wp","href":"https:\/\/api.w.org\/{rel}","templated":true}]}}