{"id":7073,"date":"2022-08-31T12:53:21","date_gmt":"2022-08-31T15:53:21","guid":{"rendered":"https:\/\/www.visionweb.com.ar\/?p=7073"},"modified":"2022-08-31T12:53:21","modified_gmt":"2022-08-31T15:53:21","slug":"avellaneda-convenio-para-parquizar-terrenos-ferroviarios-en-gerli","status":"publish","type":"post","link":"https:\/\/www.visionweb.com.ar\/?p=7073","title":{"rendered":"Avellaneda: Convenio para parquizar terrenos ferroviarios en Gerli"},"content":{"rendered":"<p><em><strong>El municipio de Avellaneda y <\/strong><strong>Trenes Argentinos<\/strong><strong> avanzan para concretar una nueva centralidad en la ciudad, que comprende<\/strong><strong> la generaci\u00f3n de suelo urbano en terrenos ferroviarios.<\/strong><\/em><!--more--><\/p>\n<p><strong>\u00a0\u00a0\u00a0\u00a0\u00a0\u00a0\u00a0\u00a0\u00a0 <img loading=\"lazy\" decoding=\"async\" class=\"size-full wp-image-7075 aligncenter\" src=\"https:\/\/www.visionweb.com.ar\/wp-content\/uploads\/2022\/08\/terrenos-ferroviarios-convenio.bmp\" alt=\"\" width=\"664\" height=\"439\" \/>\u00a0\u00a0\u00a0\u00a0\u00a0\u00a0\u00a0\u00a0\u00a0\u00a0\u00a0\u00a0E<\/strong>l intendente de Avellaneda,\u00a0Alejo Chornobroff,\u00a0y el presidente de Trenes Argentinos,\u00a0Mart\u00edn Marinucci, firmaron un convenio de colaboraci\u00f3n entre la Operadora Ferroviaria Sociedad del Estado (SOFSE) y el Municipio, para\u00a0<strong>generar suelo urbano en terrenos ferroviarios <\/strong>ubicados entre las estaciones de Gerli- Dar\u00edo Santill\u00e1n y Maximiliano Kosteki.<\/p>\n<p>El objetivo de este compromiso es trabajar en conjunto para generar suelo urbano en terrenos ferroviarios y darles un uso que beneficie a la comunidad, explicaron.<\/p>\n<p>En ese sentido, Chornobroff junto a Marinucci y el gerente de la L\u00ednea Roca, Gonzalo Ferretti, recorrieron las instalaciones del taller y la playa K4, en la localidad de Gerli.<\/p>\n<p>A la vez, el jefe de Gabinete del Ministerio de Desarrollo Territorial y H\u00e1bitat, Guillermo Pesce, el secretario de Obras P\u00fablicas Gast\u00f3n Seill\u00e1n, el subsecretario de Desarrollo Territorial y H\u00e1bitat, Juli\u00e1n Talento, y el subdirector de Planeamiento, Oscar Chade analizaron en conjunto los planos y proyectos.<\/p>\n<p>Esta iniciativa es llevada a cabo a partir de la realizaci\u00f3n de diversas obras destacadas como los desarrollos urban\u00edsticos ya inaugurados y los que siguen en ejecuci\u00f3n, la recuperaci\u00f3n del Parque Arturo Illia y su prolongaci\u00f3n en \u00c1rea X;<strong>\u00a0<\/strong><strong>la puesta en valor y nueva circulaci\u00f3n en la zona de estadios de Racing e Independiente<\/strong>; la creaci\u00f3n del Parque Multiprop\u00f3sito La Estaci\u00f3n; el\u00a0<strong>Museo Nacional de F\u00fatbol<\/strong>\u00a0y un parque p\u00fablico urbano con enfoques innovadores, pr\u00f3ximos a concretarse.<\/p>\n<p>En otro orden, el Intendente y el Presidente de Trenes Argentinos rubricaron un acuerdo de colaboraci\u00f3n que va a permitir que los j\u00f3venes que participan del programa municipal\u00a0<strong>Tu Viaje de Egresados Solidario<\/strong>\u00a0puedan viajar a Mar del Plata utilizando el servicio del tren. La subsecretaria de Juventud local, \u00c1ngeles S\u00e1nchez, tambi\u00e9n presenci\u00f3 la firma. <strong>(VW)<\/strong><\/p>\n<p>&nbsp;<\/p>\n","protected":false},"excerpt":{"rendered":"<p>El municipio de Avellaneda y Trenes Argentinos avanzan para concretar una nueva centralidad en la ciudad, que comprende la generaci\u00f3n de suelo urbano en terrenos ferroviarios.<\/p>\n","protected":false},"author":4,"featured_media":7075,"comment_status":"closed","ping_status":"closed","sticky":false,"template":"","format":"standard","meta":{"_monsterinsights_skip_tracking":false,"_monsterinsights_sitenote_active":false,"_monsterinsights_sitenote_note":"","_monsterinsights_sitenote_category":0,"footnotes":""},"categories":[8,4],"tags":[83,1959,254,1669,2900,1739],"class_list":["post-7073","post","type-post","status-publish","format-standard","has-post-thumbnail","hentry","category-interes-general","category-politica","tag-avellaneda","tag-chornobroff","tag-convenio","tag-marinucci","tag-terrenos-ferroviarios","tag-trenes-argentinos"],"_links":{"self":[{"href":"https:\/\/www.visionweb.com.ar\/index.php?rest_route=\/wp\/v2\/posts\/7073","targetHints":{"allow":["GET"]}}],"collection":[{"href":"https:\/\/www.visionweb.com.ar\/index.php?rest_route=\/wp\/v2\/posts"}],"about":[{"href":"https:\/\/www.visionweb.com.ar\/index.php?rest_route=\/wp\/v2\/types\/post"}],"author":[{"embeddable":true,"href":"https:\/\/www.visionweb.com.ar\/index.php?rest_route=\/wp\/v2\/users\/4"}],"replies":[{"embeddable":true,"href":"https:\/\/www.visionweb.com.ar\/index.php?rest_route=%2Fwp%2Fv2%2Fcomments&post=7073"}],"version-history":[{"count":2,"href":"https:\/\/www.visionweb.com.ar\/index.php?rest_route=\/wp\/v2\/posts\/7073\/revisions"}],"predecessor-version":[{"id":7076,"href":"https:\/\/www.visionweb.com.ar\/index.php?rest_route=\/wp\/v2\/posts\/7073\/revisions\/7076"}],"wp:featuredmedia":[{"embeddable":true,"href":"https:\/\/www.visionweb.com.ar\/index.php?rest_route=\/wp\/v2\/media\/7075"}],"wp:attachment":[{"href":"https:\/\/www.visionweb.com.ar\/index.php?rest_route=%2Fwp%2Fv2%2Fmedia&parent=7073"}],"wp:term":[{"taxonomy":"category","embeddable":true,"href":"https:\/\/www.visionweb.com.ar\/index.php?rest_route=%2Fwp%2Fv2%2Fcategories&post=7073"},{"taxonomy":"post_tag","embeddable":true,"href":"https:\/\/www.visionweb.com.ar\/index.php?rest_route=%2Fwp%2Fv2%2Ftags&post=7073"}],"curies":[{"name":"wp","href":"https:\/\/api.w.org\/{rel}","templated":true}]}}