{"id":7069,"date":"2022-08-31T11:23:38","date_gmt":"2022-08-31T14:23:38","guid":{"rendered":"https:\/\/www.visionweb.com.ar\/?p=7069"},"modified":"2022-08-31T11:23:38","modified_gmt":"2022-08-31T14:23:38","slug":"asignaciones-familiares-por-tres-meses-llegaran-a-20-000-por-hijo","status":"publish","type":"post","link":"https:\/\/www.visionweb.com.ar\/?p=7069","title":{"rendered":"Asignaciones familiares: Por tres meses llegar\u00e1n a $20.000 por hijo"},"content":{"rendered":"<p><em><strong>Adem\u00e1s del monto habitual de la asignaci\u00f3n familiar, que ya tuvo un incremento,\u00a0se sumar\u00e1 un extra para llegar al total de $20.000 por hijo, \u201cpara que no haya trabajadores bajo la l\u00ednea de pobreza\u201d, dijo Raverta.<\/strong><\/em><!--more--><\/p>\n<div id=\"attachment_7071\" style=\"width: 611px\" class=\"wp-caption aligncenter\"><img loading=\"lazy\" decoding=\"async\" aria-describedby=\"caption-attachment-7071\" class=\"wp-image-7071 size-full\" src=\"https:\/\/www.visionweb.com.ar\/wp-content\/uploads\/2022\/08\/massa-y-raverta-aumentan-salalrio-fliar.bmp\" alt=\"\" width=\"601\" height=\"411\" \/><p id=\"caption-attachment-7071\" class=\"wp-caption-text\">Anunciaron aumento en las asignaciones familiares. (Foto: internet)<\/p><\/div>\n<p>El ministro de Econom\u00eda,\u00a0<strong>Sergio Massa<\/strong>, y la directora ejecutiva de ANSES,\u00a0<strong>Fernanda Raverta<\/strong>, anunciaron un<strong>\u00a0<\/strong><strong>aumento en las Asignaciones Familiares para el personal en relaci\u00f3n de dependencia. <\/strong>Ser\u00e1 de $20.000 por hijo y ser\u00e1 abonado en septiembre, octubre y noviembre a familias con ingresos de hasta $131.000.<\/p>\n<p>El anuncio se realiz\u00f3 ayer en el marco de una reuni\u00f3n con trabajadoras y trabajadores del Centro de Servicios Metal\u00fargicos Ferrosider, en la localidad de Escobar.<\/p>\n<p>En ese contexto, Raverta indic\u00f3: \u201cVamos a instrumentar una\u00a0pol\u00edtica de<strong> refuerzo en los ingresos de los trabajadores con hijos de menores salarios<\/strong>, trabajadores tramo uno\u201d, se\u00f1al\u00f3 Raverta al realizar el anuncio, y dijo que\u00a0<strong>se asignar\u00e1 \u201cun monto de 20.000 pesos por hijo\u201d<\/strong>.<\/p>\n<p>A la vez, la funcionaria enumer\u00f3: \u201cVamos a llegar a las casas de 1.100.000 trabajadores y trabajadoras de la Argentina, reforzando sus ingresos, pero tambi\u00e9n vamos a abrazar a los hijos e hijas de esos trabajadores, 1.800.000 nenes y nenas\u201d.<\/p>\n<p>\u201cEn promedio son dos nenes por trabajador, entonces estamos hablando de 40.000 pesos de ingreso que pone el Estado con un fuerte compromiso econ\u00f3mico para que las familias de trabajadores con hijos con menores ingresos puedan vivir un poquito mejor, y que no haya ninguno bajo la l\u00ednea de pobreza\u201d, asegur\u00f3 la titular de Anses.<\/p>\n<p>Por su parte, Massa detall\u00f3: \u201c<strong>Quer\u00edamos dejar claro que no queremos a ning\u00fan trabajador argentino debajo de la l\u00ednea de pobreza, esta decisi\u00f3n de reforzar y llevar a 20 mil pesos las asignaciones familiares de los trabajadores de ingresos m\u00e1s bajos<\/strong>, un mill\u00f3n en todo el pa\u00eds, tiene por objetivo recuperar el ingreso de los trabajadores, protegiendo y cuidando el orden fiscal\u201d. <strong>(VW)<\/strong><\/p>\n<p>&nbsp;<\/p>\n","protected":false},"excerpt":{"rendered":"<p>Adem\u00e1s del monto habitual de la asignaci\u00f3n familiar, que ya tuvo un incremento,\u00a0se sumar\u00e1 un extra para llegar al total de $20.000 por hijo, \u201cpara que no haya trabajadores bajo la l\u00ednea de pobreza\u201d,&#46;&#46;&#46;<\/p>\n","protected":false},"author":4,"featured_media":7071,"comment_status":"closed","ping_status":"closed","sticky":false,"template":"","format":"standard","meta":{"_monsterinsights_skip_tracking":false,"_monsterinsights_sitenote_active":false,"_monsterinsights_sitenote_note":"","_monsterinsights_sitenote_category":0,"footnotes":""},"categories":[6,5],"tags":[2899,58,869,801,939],"class_list":["post-7069","post","type-post","status-publish","format-standard","has-post-thumbnail","hentry","category-economia","category-sociedad","tag-asignaciones-familiares","tag-aumento","tag-massa","tag-raverta","tag-relacion-de-dependencia"],"_links":{"self":[{"href":"https:\/\/www.visionweb.com.ar\/index.php?rest_route=\/wp\/v2\/posts\/7069","targetHints":{"allow":["GET"]}}],"collection":[{"href":"https:\/\/www.visionweb.com.ar\/index.php?rest_route=\/wp\/v2\/posts"}],"about":[{"href":"https:\/\/www.visionweb.com.ar\/index.php?rest_route=\/wp\/v2\/types\/post"}],"author":[{"embeddable":true,"href":"https:\/\/www.visionweb.com.ar\/index.php?rest_route=\/wp\/v2\/users\/4"}],"replies":[{"embeddable":true,"href":"https:\/\/www.visionweb.com.ar\/index.php?rest_route=%2Fwp%2Fv2%2Fcomments&post=7069"}],"version-history":[{"count":2,"href":"https:\/\/www.visionweb.com.ar\/index.php?rest_route=\/wp\/v2\/posts\/7069\/revisions"}],"predecessor-version":[{"id":7072,"href":"https:\/\/www.visionweb.com.ar\/index.php?rest_route=\/wp\/v2\/posts\/7069\/revisions\/7072"}],"wp:featuredmedia":[{"embeddable":true,"href":"https:\/\/www.visionweb.com.ar\/index.php?rest_route=\/wp\/v2\/media\/7071"}],"wp:attachment":[{"href":"https:\/\/www.visionweb.com.ar\/index.php?rest_route=%2Fwp%2Fv2%2Fmedia&parent=7069"}],"wp:term":[{"taxonomy":"category","embeddable":true,"href":"https:\/\/www.visionweb.com.ar\/index.php?rest_route=%2Fwp%2Fv2%2Fcategories&post=7069"},{"taxonomy":"post_tag","embeddable":true,"href":"https:\/\/www.visionweb.com.ar\/index.php?rest_route=%2Fwp%2Fv2%2Ftags&post=7069"}],"curies":[{"name":"wp","href":"https:\/\/api.w.org\/{rel}","templated":true}]}}