{"id":7064,"date":"2022-08-31T08:08:05","date_gmt":"2022-08-31T11:08:05","guid":{"rendered":"https:\/\/www.visionweb.com.ar\/?p=7064"},"modified":"2022-08-30T20:19:14","modified_gmt":"2022-08-30T23:19:14","slug":"aprueban-crear-un-observatorio-estatal-contra-el-acoso-laboral","status":"publish","type":"post","link":"https:\/\/www.visionweb.com.ar\/?p=7064","title":{"rendered":"Aprueban crear un observatorio estatal contra el acoso laboral"},"content":{"rendered":"<p>Adem\u00e1s, se formar\u00e1 una Comisi\u00f3n para analizar la legislaci\u00f3n procesal penal.<!--more--><\/p>\n<p><img loading=\"lazy\" decoding=\"async\" class=\"size-medium wp-image-7065 alignright\" src=\"https:\/\/www.visionweb.com.ar\/wp-content\/uploads\/2022\/08\/CAMARA-DE-DIPUTADOS-BONAERENSE-300x200.png\" alt=\"\" width=\"300\" height=\"200\" srcset=\"https:\/\/www.visionweb.com.ar\/wp-content\/uploads\/2022\/08\/CAMARA-DE-DIPUTADOS-BONAERENSE-300x200.png 300w, https:\/\/www.visionweb.com.ar\/wp-content\/uploads\/2022\/08\/CAMARA-DE-DIPUTADOS-BONAERENSE-768x513.png 768w, https:\/\/www.visionweb.com.ar\/wp-content\/uploads\/2022\/08\/CAMARA-DE-DIPUTADOS-BONAERENSE.png 800w\" sizes=\"auto, (max-width: 300px) 100vw, 300px\" \/>La C\u00e1mara de Diputados de la provincia de Buenos Aires realiz\u00f3 una nueva sesi\u00f3n ordinaria encabezada por el presidente del cuerpo, Federico Oterm\u00edn, en la que fue sancionada la conformaci\u00f3n de una Comisi\u00f3n Bicameral destinada al tratamiento de asuntos tales como prisi\u00f3n preventiva y excarcelaci\u00f3n.<\/p>\n<p>Asimismo, fue aprobada la creaci\u00f3n del Observatorio Estatal de Violencia y Acoso Laboral, con el fin de prevenir y erradicar todas las formas de violencia laboral ejercidas contra trabajadoras y trabajadores, tanto en el sector p\u00fablico como en el sector privado.<\/p>\n<p>La Comisi\u00f3n Bicameral tendr\u00e1 como objetivo la adecuaci\u00f3n a est\u00e1ndares constitucionales e internacionales de la legislaci\u00f3n procesal penal en lo referido a prisiones preventivas y excarcelaciones, entre otras alternativas judiciales. La bicameral -conformada por tres integrantes de Diputados y tres integrantes del Senado- tendr\u00e1 como funci\u00f3n elaborar proyectos de ley que cumplan con los objetivos propuestos y deber\u00e1 presentar un informe semestral sobre sus acciones y tareas.<\/p>\n<p>El cuerpo parlamentario tambi\u00e9n aprob\u00f3 y gir\u00f3 al Senado la constituci\u00f3n del Observatorio Estatal de Violencia y Acoso Laboral, iniciativa que propone la prevenci\u00f3n y erradicaci\u00f3n de la violencia en el \u00e1mbito laboral en todas sus expresiones contra trabajadoras y trabajadores que se desempe\u00f1en en el sector p\u00fablico o privado.<\/p>\n<p>A prop\u00f3sito del observatorio, la diputada autora del proyecto, Soledad Alonso, explic\u00f3 que el organismo \u00abes un \u00e1mbito que tiene la funci\u00f3n de recabar informaci\u00f3n y ser un eje de consulta constante ante organizaciones sindicales, gubernamentales y empresariales\u00bb.<\/p>\n<p>Por otra parte, se aprob\u00f3 la modificaci\u00f3n de art\u00edculos de la Ley 12.074 sobre el fuero contencioso administrativo. Esta modificaci\u00f3n, solicitada por la Suprema Corte de Justicia y surgida del an\u00e1lisis de datos estad\u00edsticos relevados en los \u00faltimos a\u00f1os, reordena la competencia territorial de las C\u00e1maras de Apelaci\u00f3n de dicho fuero en funci\u00f3n de la cantidad de expedientes tramitados en los juzgados bonaerenses.<\/p>\n<p>En materia de salud, se aprobaron proyectos tales como la modificaci\u00f3n de la Ley 15.035, de adhesi\u00f3n a la Ley Nacional 22.043, referida al abordaje integral e interdisciplinario a personas que presentan trastornos del espectro autista; la adhesi\u00f3n a la Ley Nacional 27.522 que declara de inter\u00e9s nacional la lucha contra la enfermedad de fibrosis qu\u00edstica de p\u00e1ncreas o mucoviscidosis.<\/p>\n<p>La adhesi\u00f3n a la Ley Nacional 27.071 sobre cobertura total de los dispositivos y elementos accesorios para las personas ostomizadas; y la adhesi\u00f3n a la Ley Nacional 27.642 de promoci\u00f3n de la alimentaci\u00f3n saludable.<\/p>\n<p>Otros proyectos aprobados fueron la declaraci\u00f3n de Reserva Natural Provincial al \u00e1rea Centinela del Mar del partido de General Alvarado; la creaci\u00f3n de un r\u00e9gimen de promoci\u00f3n para artistas locales denominado \u00abArtistas por su nombre\u00bb; y una iniciativa para establecer que las empresas que brinden servicios o comercialicen productos a trav\u00e9s de internet o telef\u00f3nicamente cuenten en sus sitios web con un bot\u00f3n que permita a los usuarios dar la baja de los servicios.<\/p>\n<p>Tambi\u00e9n se dio dictamen favorable la adhesi\u00f3n a la Ley Nacional 27.523, que instituye el D\u00eda Nacional de la Reforma Universitaria y una modificaci\u00f3n a la Ley 12.276, sobre normas de arbolado p\u00fablico, para la incorporaci\u00f3n de plantas nativas en el plan integral del arbolado p\u00fablico de los municipios bonaerenses.<\/p>\n<p>En cuanto a la conformaci\u00f3n del Cuerpo legislativo, durante la sesi\u00f3n se tom\u00f3 juramento como diputado provincial a Carlos Alberto Battista, como contrapartida del pedido de licencia de la diputada Mar\u00eda Fernanda Bevilacqua<strong>(VW)<\/strong><\/p>\n","protected":false},"excerpt":{"rendered":"<p>Adem\u00e1s, se formar\u00e1 una Comisi\u00f3n para analizar la legislaci\u00f3n procesal penal.<\/p>\n","protected":false},"author":3,"featured_media":7065,"comment_status":"closed","ping_status":"closed","sticky":false,"template":"","format":"standard","meta":{"_monsterinsights_skip_tracking":false,"_monsterinsights_sitenote_active":false,"_monsterinsights_sitenote_note":"","_monsterinsights_sitenote_category":0,"footnotes":""},"categories":[4],"tags":[2895,2896,1111,2897],"class_list":["post-7064","post","type-post","status-publish","format-standard","has-post-thumbnail","hentry","category-politica","tag-acosa","tag-laboral-comision","tag-legislacion","tag-penal"],"_links":{"self":[{"href":"https:\/\/www.visionweb.com.ar\/index.php?rest_route=\/wp\/v2\/posts\/7064","targetHints":{"allow":["GET"]}}],"collection":[{"href":"https:\/\/www.visionweb.com.ar\/index.php?rest_route=\/wp\/v2\/posts"}],"about":[{"href":"https:\/\/www.visionweb.com.ar\/index.php?rest_route=\/wp\/v2\/types\/post"}],"author":[{"embeddable":true,"href":"https:\/\/www.visionweb.com.ar\/index.php?rest_route=\/wp\/v2\/users\/3"}],"replies":[{"embeddable":true,"href":"https:\/\/www.visionweb.com.ar\/index.php?rest_route=%2Fwp%2Fv2%2Fcomments&post=7064"}],"version-history":[{"count":1,"href":"https:\/\/www.visionweb.com.ar\/index.php?rest_route=\/wp\/v2\/posts\/7064\/revisions"}],"predecessor-version":[{"id":7066,"href":"https:\/\/www.visionweb.com.ar\/index.php?rest_route=\/wp\/v2\/posts\/7064\/revisions\/7066"}],"wp:featuredmedia":[{"embeddable":true,"href":"https:\/\/www.visionweb.com.ar\/index.php?rest_route=\/wp\/v2\/media\/7065"}],"wp:attachment":[{"href":"https:\/\/www.visionweb.com.ar\/index.php?rest_route=%2Fwp%2Fv2%2Fmedia&parent=7064"}],"wp:term":[{"taxonomy":"category","embeddable":true,"href":"https:\/\/www.visionweb.com.ar\/index.php?rest_route=%2Fwp%2Fv2%2Fcategories&post=7064"},{"taxonomy":"post_tag","embeddable":true,"href":"https:\/\/www.visionweb.com.ar\/index.php?rest_route=%2Fwp%2Fv2%2Ftags&post=7064"}],"curies":[{"name":"wp","href":"https:\/\/api.w.org\/{rel}","templated":true}]}}