{"id":7058,"date":"2022-08-30T09:21:32","date_gmt":"2022-08-30T12:21:32","guid":{"rendered":"https:\/\/www.visionweb.com.ar\/?p=7058"},"modified":"2022-08-30T09:21:32","modified_gmt":"2022-08-30T12:21:32","slug":"lanus-el-municipio-inauguro-la-delegacion-villa-caraza","status":"publish","type":"post","link":"https:\/\/www.visionweb.com.ar\/?p=7058","title":{"rendered":"Lan\u00fas: El Municipio inaugur\u00f3 la Delegaci\u00f3n Villa Caraza"},"content":{"rendered":"<p><em><strong>El nuevo centro brindar\u00e1 atenci\u00f3n de los servicios municipales para que la comunidad de la zona pueda realizar tr\u00e1mites sin necesidad de desplazarse hasta las oficinas centrales. En septiembre inaugurar\u00e1n 4 delegaciones m\u00e1s, de las 11 programadas.<\/strong><\/em><!--more--><\/p>\n<div id=\"attachment_7060\" style=\"width: 310px\" class=\"wp-caption alignright\"><img loading=\"lazy\" decoding=\"async\" aria-describedby=\"caption-attachment-7060\" class=\"wp-image-7060 size-medium\" src=\"https:\/\/www.visionweb.com.ar\/wp-content\/uploads\/2022\/08\/delegac-municipal-villa-caraza-300x164.jpg\" alt=\"\" width=\"300\" height=\"164\" srcset=\"https:\/\/www.visionweb.com.ar\/wp-content\/uploads\/2022\/08\/delegac-municipal-villa-caraza-300x164.jpg 300w, https:\/\/www.visionweb.com.ar\/wp-content\/uploads\/2022\/08\/delegac-municipal-villa-caraza.jpg 657w\" sizes=\"auto, (max-width: 300px) 100vw, 300px\" \/><p id=\"caption-attachment-7060\" class=\"wp-caption-text\">Nueva Delegaci\u00f3n Villa Caraza. (Fotos: gentileza Prensa de Lan\u00fas)<\/p><\/div>\n<p><strong>\u00a0\u00a0\u00a0\u00a0\u00a0 \u00a0\u00a0\u00a0\u00a0\u00a0\u00a0\u00a0\u00a0\u00a0\u00a0\u00a0\u00a0 E<\/strong>l Municipio de Lan\u00fas abri\u00f3 las puertas de la nueva Delegaci\u00f3n Villa Caraza, ubicada en la Avenida San Mart\u00edn 3350. All\u00ed se podr\u00e1 realizar el seguimiento y asesoramiento a los vecinos y vecinas del barrio, atenci\u00f3n de las distintas solicitudes, reclamos y\/o necesidades que mantengan.<\/p>\n<p>El acto inaugural se realiz\u00f3 con la presencia del jefe de Gabinete local, Diego Kravetz, acompa\u00f1ado por el subsecretario de Delegaciones, Facundo Prieto y el delegado de la zona Ariel Voiro, conforme indic\u00f3 Prensa de Lan\u00fas.<\/p>\n<p>Entre las m\u00faltiples tareas que ofrece la sede, se efectuar\u00e1 la <strong>impresi\u00f3n de boletas<\/strong> vigentes (TSG y automotores), impresi\u00f3n de multas del Tribunal de Faltas, la asistencia para la solicitud de turnos y la atenci\u00f3n y <strong>asesoramiento en general con tr\u00e1mites no afectados al Municipio<\/strong>.<\/p>\n<p>Cabe remarcar que la Delegaci\u00f3n <strong>no cuenta<\/strong> <strong>con servicio de cobranzas<\/strong>.<\/p>\n<p><img loading=\"lazy\" decoding=\"async\" class=\"size-medium wp-image-7061 alignleft\" src=\"https:\/\/www.visionweb.com.ar\/wp-content\/uploads\/2022\/08\/delegacion-munic-villa-caraza-300x201.jpg\" alt=\"\" width=\"300\" height=\"201\" srcset=\"https:\/\/www.visionweb.com.ar\/wp-content\/uploads\/2022\/08\/delegacion-munic-villa-caraza-300x201.jpg 300w, https:\/\/www.visionweb.com.ar\/wp-content\/uploads\/2022\/08\/delegacion-munic-villa-caraza.jpg 640w\" sizes=\"auto, (max-width: 300px) 100vw, 300px\" \/>La nueva sede se encuentra conectada con el Centro de Atenci\u00f3n Vecinal para dar respuesta inmediata a los distintos <strong>reclamos<\/strong>, como as\u00ed tambi\u00e9n, gestionar el <strong>arreglo de las calles<\/strong> ubicadas en su zona de influencia, cumplir tareas de recambio de luminarias, poda, raleo y recolecci\u00f3n de \u00e1ridos.<\/p>\n<p>En el mes de septiembre,\u00a0se inaugurar\u00e1n las delegaciones de Lan\u00fas Este, Lan\u00fas Oeste, Escalada Este y Escalada Oeste, completando as\u00ed el <strong>plan Proyecci\u00f3n 2022<\/strong> del abordaje territorial del Municipio, el cual contar\u00e1 con 11 Delegaciones y Subdelegaciones distribuidas estrat\u00e9gicamente en el distrito.<\/p>\n<p>Para consultar:\u00a0<strong>comunicarse al 4357-5195<\/strong>, en el horario de 8 a 14 hs. <strong>(VW)<\/strong><\/p>\n<p>&nbsp;<\/p>\n","protected":false},"excerpt":{"rendered":"<p>El nuevo centro brindar\u00e1 atenci\u00f3n de los servicios municipales para que la comunidad de la zona pueda realizar tr\u00e1mites sin necesidad de desplazarse hasta las oficinas centrales. En septiembre inaugurar\u00e1n 4 delegaciones m\u00e1s, de&#46;&#46;&#46;<\/p>\n","protected":false},"author":4,"featured_media":7061,"comment_status":"closed","ping_status":"closed","sticky":false,"template":"","format":"standard","meta":{"_monsterinsights_skip_tracking":false,"_monsterinsights_sitenote_active":false,"_monsterinsights_sitenote_note":"","_monsterinsights_sitenote_category":0,"footnotes":""},"categories":[8],"tags":[2893,241,19,2894],"class_list":["post-7058","post","type-post","status-publish","format-standard","has-post-thumbnail","hentry","category-interes-general","tag-delegacion-villa-caraza","tag-kravetz","tag-lanus","tag-nauguracion"],"_links":{"self":[{"href":"https:\/\/www.visionweb.com.ar\/index.php?rest_route=\/wp\/v2\/posts\/7058","targetHints":{"allow":["GET"]}}],"collection":[{"href":"https:\/\/www.visionweb.com.ar\/index.php?rest_route=\/wp\/v2\/posts"}],"about":[{"href":"https:\/\/www.visionweb.com.ar\/index.php?rest_route=\/wp\/v2\/types\/post"}],"author":[{"embeddable":true,"href":"https:\/\/www.visionweb.com.ar\/index.php?rest_route=\/wp\/v2\/users\/4"}],"replies":[{"embeddable":true,"href":"https:\/\/www.visionweb.com.ar\/index.php?rest_route=%2Fwp%2Fv2%2Fcomments&post=7058"}],"version-history":[{"count":2,"href":"https:\/\/www.visionweb.com.ar\/index.php?rest_route=\/wp\/v2\/posts\/7058\/revisions"}],"predecessor-version":[{"id":7062,"href":"https:\/\/www.visionweb.com.ar\/index.php?rest_route=\/wp\/v2\/posts\/7058\/revisions\/7062"}],"wp:featuredmedia":[{"embeddable":true,"href":"https:\/\/www.visionweb.com.ar\/index.php?rest_route=\/wp\/v2\/media\/7061"}],"wp:attachment":[{"href":"https:\/\/www.visionweb.com.ar\/index.php?rest_route=%2Fwp%2Fv2%2Fmedia&parent=7058"}],"wp:term":[{"taxonomy":"category","embeddable":true,"href":"https:\/\/www.visionweb.com.ar\/index.php?rest_route=%2Fwp%2Fv2%2Fcategories&post=7058"},{"taxonomy":"post_tag","embeddable":true,"href":"https:\/\/www.visionweb.com.ar\/index.php?rest_route=%2Fwp%2Fv2%2Ftags&post=7058"}],"curies":[{"name":"wp","href":"https:\/\/api.w.org\/{rel}","templated":true}]}}