{"id":7052,"date":"2022-08-29T20:27:00","date_gmt":"2022-08-29T23:27:00","guid":{"rendered":"https:\/\/www.visionweb.com.ar\/?p=7052"},"modified":"2022-08-29T20:27:00","modified_gmt":"2022-08-29T23:27:00","slug":"dia-del-arbol-acumar-impulsa-la-produccion-de-flora-autoctona","status":"publish","type":"post","link":"https:\/\/www.visionweb.com.ar\/?p=7052","title":{"rendered":"D\u00eda del \u00c1rbol: ACUMAR impulsa la producci\u00f3n de flora aut\u00f3ctona"},"content":{"rendered":"<p><em><strong>Todos los 29 de agosto se celebra el D\u00eda Nacional del \u00c1rbol, y el Organismo realiza diferentes acciones en beneficio del medio ambiente, desde creaci\u00f3n de viveros, equipamiento, producci\u00f3n y capacitaci\u00f3n.<\/strong><\/em><!--more--><\/p>\n<div id=\"attachment_7055\" style=\"width: 604px\" class=\"wp-caption aligncenter\"><a href=\"https:\/\/www.visionweb.com.ar\/wp-content\/uploads\/2022\/08\/aumar-plantaciones-1.bmp\"><img loading=\"lazy\" decoding=\"async\" aria-describedby=\"caption-attachment-7055\" class=\"wp-image-7055 size-full\" src=\"https:\/\/www.visionweb.com.ar\/wp-content\/uploads\/2022\/08\/aumar-plantaciones-1.bmp\" alt=\"\" width=\"594\" height=\"397\" \/><\/a><p id=\"caption-attachment-7055\" class=\"wp-caption-text\">El impulso su fortalecimiento a viveros con el objetivo de ampliar la biodiversidad. (Foto s: Prensa de Acumar<\/p><\/div>\n<p><strong>L<\/strong>a Autoridad de Cuenca Matanza Riachuelo (ACUMAR)<strong>\u00a0<\/strong>celebra el d\u00eda Nacional del \u00c1rbol, y contin\u00faa con la promoci\u00f3n, producci\u00f3n y plantaci\u00f3n de especies de flora nativa, con el objetivo de incrementar la presencia de biodiversidad, y a la vez concientizar acerca de la importancia de la forestaci\u00f3n en el pa\u00eds.<\/p>\n<p>Las diferentes especies ayudan a remediar tanto los suelos como el agua, y a consolidar los bordes ribere\u00f1os. En Argentina, existen 628 especies de \u00e1rboles, que protegen los suelos, liberan ox\u00edgeno, regulan el clima, y absorben el di\u00f3xido de carbono.<\/p>\n<p>El organismo impulsa y fomenta la creaci\u00f3n o ampliaci\u00f3n de viveros, capacita y equipa a organizaciones y cooperativas de trabajo para producir sus propios ejemplares y realiza plantaciones directas, como la que tuvo lugar el pasado fin de semana en Lomas de Zamora y la Ciudad Aut\u00f3noma de Buenos Aires, inform\u00f3 Prensa de ACUMAR.<\/p>\n<p>En ese sentido, la directora de Fortalecimiento Comunitario y Promoci\u00f3n del Desarrollo de\u00a0ACUMAR, Mar\u00eda Jos\u00e9 Parra, destac\u00f3 que:\u00a0\u00a0\u201cEl Programa de Impulso y Fortalecimiento a la Red de Viveros para la Producci\u00f3n de Especies Nativas en la Cuenca Matanza Riachuelo incluye diversas l\u00edneas de acci\u00f3n cuya b\u00fasqueda es la ampliaci\u00f3n de la biodiversidad, con lo que ello implica para la mejora de la calidad ambiental y de la salud de las personas\u201d.<\/p>\n<p><strong>Acompa\u00f1amiento a viveros municipales<\/strong>: A trav\u00e9s del <strong>Programa de Impulso y Fortalecimiento a la Red de Viveros para la Producci\u00f3n de Especies Nativas<\/strong>,\u00a0ACUMAR<strong>\u00a0<\/strong>financia y promueve obras en predios municipales como el caso de Ezeiza, San Vicente o Presidente Per\u00f3n, as\u00ed como la mejora de las instalaciones en Marcos Paz, en Mor\u00f3n o en el CEAMSE.<\/p>\n<p>En la mayor\u00eda de los casos, se contemplan la adquisici\u00f3n de invern\u00e1culos y sombr\u00e1culos, \u00e1reas de servicios, la compra de insumos y herramientas, as\u00ed como las tareas de asistencia t\u00e9cnica y capacitaci\u00f3n.<\/p>\n<p>En los casos de Marcos Paz y Las Heras contemplan, adem\u00e1s del fortalecimiento o creaci\u00f3n de un vivero, la puesta en valor de \u00e1reas que hab\u00edan funcionado como ex basurales a cielo abierto y que se encuentran en proceso de remediaci\u00f3n ambiental, con el acompa\u00f1amiento de\u00a0ACUMAR.<\/p>\n<p>Asimismo, con el objetivo de potenciar el funcionamiento de estos viveros, publicamos una gu\u00eda que despliega en profundidad criterios y recomendaciones para su gesti\u00f3n integral.<\/p>\n<p><strong><a href=\"https:\/\/www.visionweb.com.ar\/wp-content\/uploads\/2022\/08\/sauce-foto-acumar.bmp\"><img loading=\"lazy\" decoding=\"async\" class=\"size-full wp-image-7056 aligncenter\" src=\"https:\/\/www.visionweb.com.ar\/wp-content\/uploads\/2022\/08\/sauce-foto-acumar.bmp\" alt=\"\" width=\"594\" height=\"396\" \/><\/a>Sensibilizaci\u00f3n ambiental y participaci\u00f3n social:\u00a0<\/strong>ACUMAR a la vez,<strong>\u00a0<\/strong>lleva adelante espacios de <strong>capacitaci\u00f3n, educaci\u00f3n y promoci\u00f3n<\/strong> de la importancia de las especies nativas en la Cuenca. En los \u00faltimos meses se llevaron a cabo una serie de encuentros de capacitaci\u00f3n brindado a organizaciones y cooperativas de limpieza de m\u00e1rgenes que buscan concientizar para que al momento de intervenir el paisaje ribere\u00f1o tengan herramientas aplicables a la gesti\u00f3n ambiental.<\/p>\n<p>Por otro lado, desde el a\u00f1o pasado el organismo junto a la Universidad de Lan\u00fas (UNLa) promueve el <strong>proyecto Comunidad y Cultura Sustentable <\/strong>que busca promover pr\u00e1cticas saludables con el ambiente y que incluyen entre los proyectos ganadores de la \u00faltima edici\u00f3n plantaciones y reforestaci\u00f3n con especies nativas. <strong>(VW)<\/strong><\/p>\n<p>&nbsp;<\/p>\n","protected":false},"excerpt":{"rendered":"<p>Todos los 29 de agosto se celebra el D\u00eda Nacional del \u00c1rbol, y el Organismo realiza diferentes acciones en beneficio del medio ambiente, desde creaci\u00f3n de viveros, equipamiento, producci\u00f3n y capacitaci\u00f3n.<\/p>\n","protected":false},"author":4,"featured_media":7056,"comment_status":"closed","ping_status":"closed","sticky":false,"template":"","format":"standard","meta":{"_monsterinsights_skip_tracking":false,"_monsterinsights_sitenote_active":false,"_monsterinsights_sitenote_note":"","_monsterinsights_sitenote_category":0,"footnotes":""},"categories":[8],"tags":[442,2890,2892,2891],"class_list":["post-7052","post","type-post","status-publish","format-standard","has-post-thumbnail","hentry","category-interes-general","tag-acumar","tag-dia-del-arbol","tag-maria-jose-parra","tag-promocion-y-capacitaciln"],"_links":{"self":[{"href":"https:\/\/www.visionweb.com.ar\/index.php?rest_route=\/wp\/v2\/posts\/7052","targetHints":{"allow":["GET"]}}],"collection":[{"href":"https:\/\/www.visionweb.com.ar\/index.php?rest_route=\/wp\/v2\/posts"}],"about":[{"href":"https:\/\/www.visionweb.com.ar\/index.php?rest_route=\/wp\/v2\/types\/post"}],"author":[{"embeddable":true,"href":"https:\/\/www.visionweb.com.ar\/index.php?rest_route=\/wp\/v2\/users\/4"}],"replies":[{"embeddable":true,"href":"https:\/\/www.visionweb.com.ar\/index.php?rest_route=%2Fwp%2Fv2%2Fcomments&post=7052"}],"version-history":[{"count":2,"href":"https:\/\/www.visionweb.com.ar\/index.php?rest_route=\/wp\/v2\/posts\/7052\/revisions"}],"predecessor-version":[{"id":7057,"href":"https:\/\/www.visionweb.com.ar\/index.php?rest_route=\/wp\/v2\/posts\/7052\/revisions\/7057"}],"wp:featuredmedia":[{"embeddable":true,"href":"https:\/\/www.visionweb.com.ar\/index.php?rest_route=\/wp\/v2\/media\/7056"}],"wp:attachment":[{"href":"https:\/\/www.visionweb.com.ar\/index.php?rest_route=%2Fwp%2Fv2%2Fmedia&parent=7052"}],"wp:term":[{"taxonomy":"category","embeddable":true,"href":"https:\/\/www.visionweb.com.ar\/index.php?rest_route=%2Fwp%2Fv2%2Fcategories&post=7052"},{"taxonomy":"post_tag","embeddable":true,"href":"https:\/\/www.visionweb.com.ar\/index.php?rest_route=%2Fwp%2Fv2%2Ftags&post=7052"}],"curies":[{"name":"wp","href":"https:\/\/api.w.org\/{rel}","templated":true}]}}